{"id":1016,"date":"2020-09-07T15:58:06","date_gmt":"2020-09-07T18:58:06","guid":{"rendered":"http:\/\/vocesdellangueyu.com.ar\/?p=1016"},"modified":"2020-09-07T15:58:12","modified_gmt":"2020-09-07T18:58:12","slug":"coronavirus-el-falso-positivo-es-la-opcion-por-la-que-se-inclinan-las-autoridades-sanitarias-locales","status":"publish","type":"post","link":"https:\/\/vdl-dev.coodesoft.com.ar\/index.php\/2020\/09\/07\/coronavirus-el-falso-positivo-es-la-opcion-por-la-que-se-inclinan-las-autoridades-sanitarias-locales\/","title":{"rendered":"CORONAVIRUS: EL \u201cFALSO POSITIVO\u201d ES LA OPCI\u00d3N POR LA QUE SE INCLINAN LAS AUTORIDADES SANITARIAS LOCALES"},"content":{"rendered":"\n<p>Sergio Garc\u00eda, responsable\ndel Equipo de Atenci\u00f3n Primaria de la Salud, ampli\u00f3 detalles sobre la\ninformaci\u00f3n que se brind\u00f3 el pasado viernes en materia sanitaria por el coronavirus,\ntras confirmar el resultado negativo del hisopado que hab\u00eda dado positivo el\nmi\u00e9rcoles \u00faltimo.<\/p>\n\n\n\n<figure class=\"wp-block-audio\"><audio controls><\/audio><\/figure>\n\n\n\n<figure class=\"wp-block-audio\"><audio controls src=\"https:\/\/vocesdellangueyu.com.ar\/wp-content\/uploads\/2020\/09\/7-09-Garc\u00eda-primera-parte.mp3\"><\/audio><figcaption>Sergio Garc\u00eda, Equipo de atenci\u00f3n primaria de la salud<\/figcaption><\/figure>\n\n\n\n<figure class=\"wp-block-audio\"><audio controls src=\"https:\/\/vocesdellangueyu.com.ar\/wp-content\/uploads\/2020\/09\/7-09-Garc\u00eda-segunda-parte.mp3\"><\/audio><figcaption>Sergio Garc\u00eda, Equipo de Atenci\u00f3n Primaria de la Salud<\/figcaption><\/figure>\n\n\n\n<figure class=\"wp-block-audio\"><audio controls src=\"https:\/\/vocesdellangueyu.com.ar\/wp-content\/uploads\/2020\/09\/7-09-Garc\u00eda-tercera-parte.mp3\"><\/audio><figcaption>Sergio Garc\u00eda, Equipo de Atenci\u00f3n Primaria de la Saud<\/figcaption><\/figure>\n\n\n\n<p>El funcionario aclar\u00f3 que no\ndudan de la forma en que se realiz\u00f3 el an\u00e1lisis que se hizo en el Hospital de\nOlavarr\u00eda \u2013que dio positivo- y explica que por eso se puso en funcionamiento en\ntodo su esplendor el protocolo ante la aparici\u00f3n de un caso positivo, con\nvarios hisopados y aislamientos incluidos.<\/p>\n\n\n\n<p>Garc\u00eda ratifica que la\ndiferencia de los resultados se explica por una cuesti\u00f3n t\u00e9cnica, como la\nposibilidad que aparezcan resultados \u201cfalsos positivos o negativos\u201d, y descart\u00f3\nque la paciente pudiera haber padecido la enfermedad antes del \u00faltimo an\u00e1lisis,\ndebido a que si ello fuera as\u00ed, debi\u00f3 haber contagiado a las personas que\nconforman su c\u00edrculo m\u00e1s \u00edntimo, cuyos estudios dieron todos negativos.<\/p>\n\n\n\n<p>Garc\u00eda dijo que \u201cno es f\u00e1cil\u201d\npara el equipo de salud entender la situaci\u00f3n que genera la pandemia por\ncoronavirus, \u201ctodos los municipios est\u00e1n trabajando en forma denodada y\ncoordinada, tanto en el laboratorio como los profesionales de la salud, es un\ntrabajo con junto\u201d.<\/p>\n\n\n\n<p>\u201cNo se habla de errores ni de\nechar la culpa de unos a otros\u201d dijo en referencia a los resultados diferentes\nque arroj\u00f3 el hisopado a la paciente de 79 a\u00f1os la semana pasada, \u201cson\nresultado de an\u00e1lisis, son complementarios, no hay ning\u00fan an\u00e1lisis categ\u00f3rico\nabsoluto, la PCR es an\u00e1lisis que&nbsp; hasta\nahora demostr\u00f3 ser el m\u00e1s confiable pero est\u00e1 la posibilidad de arrojar\nresultados falsos negativos o falsos positivo\u201d.<\/p>\n\n\n\n<p>Garc\u00eda explic\u00f3 que el estudio\nrealizado en Olavarr\u00eda a la mujer se puede encuadrar en los denominados \u201cfalsos\npositivos\u201d. Adem\u00e1s del \u00faltimo resultado negativo, las&nbsp; autoridades sanitarias sostienen que ello se\nratifica con los resultados negativos de sus contactos estrechos, \u201ccon el\nresultado positivo se hizo todo lo que se ten\u00eda que hacer, los 15 hisopados de\nlas personas de contacto estrecho y el asilamiento hasta tener los resultados\nde los hisopados\u201d.<\/p>\n\n\n\n<p>Garc\u00eda argument\u00f3 que nunca se\ndud\u00f3 del an\u00e1lisis positivo, por lo que se descart\u00f3 alg\u00fan apresuramiento que se\nles puede endilgar a las autoridades locales la difusi\u00f3n de la noticia antes de\nrealizar un nuevo hisopado, \u201cnunca se dudo del an\u00e1lisis por eso se activo el protocolo,\nse inform\u00f3 a la familia y a la comunidad de la informaci\u00f3n que se ten\u00eda, no se\npuede ocultar la informaci\u00f3n\u201d.<\/p>\n\n\n\n<p>El funcionario se refiri\u00f3\ntambi\u00e9n a la situaci\u00f3n que se registr\u00f3 este domingo, seg\u00fan lo que denunciaron\nvecinos en las redes sociales, con el aglomeramiento que se vio en la zona de\nlas plazas c\u00e9ntricas<\/p>\n\n\n\n<p>Rauch contin\u00faa en fase 5 y\ncontin\u00faa en distanciamiento social, \u201cse debe mantener el distanciamiento f\u00edsico\ny no se pueden compartir el mate, debemos cuidarnos entre todos\u201d. <\/p>\n","protected":false},"excerpt":{"rendered":"<p>Sergio Garc\u00eda, responsable del Equipo de Atenci\u00f3n Primaria de la Salud, ampli\u00f3 detalles sobre la informaci\u00f3n que se brind\u00f3 el pasado viernes en materia sanitaria por el coronavirus, tras confirmar el resultado negativo del hisopado que hab\u00eda dado positivo el mi\u00e9rcoles \u00faltimo. El funcionario aclar\u00f3 que no dudan de la forma en que se realiz\u00f3 [&hellip;]<\/p>\n","protected":false},"author":4,"featured_media":374,"comment_status":"open","ping_status":"open","sticky":false,"template":"","format":"standard","meta":{"spay_email":"","jetpack_publicize_message":""},"categories":[17,11,13],"tags":[],"jetpack_featured_media_url":"https:\/\/vdl-dev.coodesoft.com.ar\/wp-content\/uploads\/2020\/06\/sergio-garcia-doc.jpeg","jetpack_publicize_connections":[],"jetpack_sharing_enabled":true,"jetpack_shortlink":"https:\/\/wp.me\/paQJuC-go","_links":{"self":[{"href":"https:\/\/vdl-dev.coodesoft.com.ar\/index.php\/wp-json\/wp\/v2\/posts\/1016"}],"collection":[{"href":"https:\/\/vdl-dev.coodesoft.com.ar\/index.php\/wp-json\/wp\/v2\/posts"}],"about":[{"href":"https:\/\/vdl-dev.coodesoft.com.ar\/index.php\/wp-json\/wp\/v2\/types\/post"}],"author":[{"embeddable":true,"href":"https:\/\/vdl-dev.coodesoft.com.ar\/index.php\/wp-json\/wp\/v2\/users\/4"}],"replies":[{"embeddable":true,"href":"https:\/\/vdl-dev.coodesoft.com.ar\/index.php\/wp-json\/wp\/v2\/comments?post=1016"}],"version-history":[{"count":1,"href":"https:\/\/vdl-dev.coodesoft.com.ar\/index.php\/wp-json\/wp\/v2\/posts\/1016\/revisions"}],"predecessor-version":[{"id":1020,"href":"https:\/\/vdl-dev.coodesoft.com.ar\/index.php\/wp-json\/wp\/v2\/posts\/1016\/revisions\/1020"}],"wp:featuredmedia":[{"embeddable":true,"href":"https:\/\/vdl-dev.coodesoft.com.ar\/index.php\/wp-json\/wp\/v2\/media\/374"}],"wp:attachment":[{"href":"https:\/\/vdl-dev.coodesoft.com.ar\/index.php\/wp-json\/wp\/v2\/media?parent=1016"}],"wp:term":[{"taxonomy":"category","embeddable":true,"href":"https:\/\/vdl-dev.coodesoft.com.ar\/index.php\/wp-json\/wp\/v2\/categories?post=1016"},{"taxonomy":"post_tag","embeddable":true,"href":"https:\/\/vdl-dev.coodesoft.com.ar\/index.php\/wp-json\/wp\/v2\/tags?post=1016"}],"curies":[{"name":"wp","href":"https:\/\/api.w.org\/{rel}","templated":true}]}}