{"id":1089,"date":"2020-09-10T17:17:22","date_gmt":"2020-09-10T20:17:22","guid":{"rendered":"http:\/\/vocesdellangueyu.com.ar\/?p=1089"},"modified":"2020-09-10T17:19:05","modified_gmt":"2020-09-10T20:19:05","slug":"piden-al-gobierno-que-ponga-tierras-a-disposicion-de-quienes-puedan-acceder-a-los-creditos-procrear","status":"publish","type":"post","link":"https:\/\/vdl-dev.coodesoft.com.ar\/index.php\/2020\/09\/10\/piden-al-gobierno-que-ponga-tierras-a-disposicion-de-quienes-puedan-acceder-a-los-creditos-procrear\/","title":{"rendered":"PIDEN AL GOBIERNO QUE PONGA TIERRAS A DISPOSICI\u00d3N DE QUIENES PUEDAN ACCEDER A LOS CR\u00c9DITOS PROCREAR"},"content":{"rendered":"\n<p>La bancada del Frente de\nTodos present\u00f3 en el Concejo Deliberante un proyecto para que el Ejecutivo\ndisponga de lotes de tierras para quienes puedan acceder a la nueva l\u00ednea de\ncr\u00e9ditos Procrear que lanz\u00f3 el Gobierno Nacional.<\/p>\n\n\n\n<figure class=\"wp-block-audio\"><audio controls src=\"https:\/\/vocesdellangueyu.com.ar\/wp-content\/uploads\/2020\/09\/10-09-Lamarche-tierras-para-Procrear.mp3\"><\/audio><figcaption>Mar\u00eda Lamarche, Frente de Todos<\/figcaption><\/figure>\n\n\n\n<p>As\u00ed explic\u00f3 el planteo la\nPresidenta del bloque Mar\u00eda Lamarche, \u201cNos parece importante que&nbsp; desde el Estado municipal se dispongan\ntierras para aquellas familias que puedan calificar para el pedido de estos\ncr\u00e9ditos hipotecarios, similar a lo que se hizo en la \u00e9poca del Intendente\nUgarte\u201d.<\/p>\n\n\n\n<p>Lamarche se\u00f1al\u00f3 que \u201ceste\nPROCREAR viene a darnos aires de cambios porque de alguna forma se viene a\nanteponer lo que fue en la \u00e9poca de Macri, que fue casi usurero, las familias\nque ingresaron en ese sistema se vieron totalmente perjudicadas con la tasa UVA\u201d.<\/p>\n","protected":false},"excerpt":{"rendered":"<p>La bancada del Frente de Todos present\u00f3 en el Concejo Deliberante un proyecto para que el Ejecutivo disponga de lotes de tierras para quienes puedan acceder a la nueva l\u00ednea de cr\u00e9ditos Procrear que lanz\u00f3 el Gobierno Nacional. As\u00ed explic\u00f3 el planteo la Presidenta del bloque Mar\u00eda Lamarche, \u201cNos parece importante que&nbsp; desde el Estado [&hellip;]<\/p>\n","protected":false},"author":4,"featured_media":982,"comment_status":"open","ping_status":"open","sticky":false,"template":"","format":"standard","meta":{"spay_email":"","jetpack_publicize_message":""},"categories":[17,11],"tags":[],"jetpack_featured_media_url":"https:\/\/vdl-dev.coodesoft.com.ar\/wp-content\/uploads\/2020\/09\/Maria-Lamarche-2.jpeg","jetpack_publicize_connections":[],"jetpack_sharing_enabled":true,"jetpack_shortlink":"https:\/\/wp.me\/paQJuC-hz","_links":{"self":[{"href":"https:\/\/vdl-dev.coodesoft.com.ar\/index.php\/wp-json\/wp\/v2\/posts\/1089"}],"collection":[{"href":"https:\/\/vdl-dev.coodesoft.com.ar\/index.php\/wp-json\/wp\/v2\/posts"}],"about":[{"href":"https:\/\/vdl-dev.coodesoft.com.ar\/index.php\/wp-json\/wp\/v2\/types\/post"}],"author":[{"embeddable":true,"href":"https:\/\/vdl-dev.coodesoft.com.ar\/index.php\/wp-json\/wp\/v2\/users\/4"}],"replies":[{"embeddable":true,"href":"https:\/\/vdl-dev.coodesoft.com.ar\/index.php\/wp-json\/wp\/v2\/comments?post=1089"}],"version-history":[{"count":2,"href":"https:\/\/vdl-dev.coodesoft.com.ar\/index.php\/wp-json\/wp\/v2\/posts\/1089\/revisions"}],"predecessor-version":[{"id":1093,"href":"https:\/\/vdl-dev.coodesoft.com.ar\/index.php\/wp-json\/wp\/v2\/posts\/1089\/revisions\/1093"}],"wp:featuredmedia":[{"embeddable":true,"href":"https:\/\/vdl-dev.coodesoft.com.ar\/index.php\/wp-json\/wp\/v2\/media\/982"}],"wp:attachment":[{"href":"https:\/\/vdl-dev.coodesoft.com.ar\/index.php\/wp-json\/wp\/v2\/media?parent=1089"}],"wp:term":[{"taxonomy":"category","embeddable":true,"href":"https:\/\/vdl-dev.coodesoft.com.ar\/index.php\/wp-json\/wp\/v2\/categories?post=1089"},{"taxonomy":"post_tag","embeddable":true,"href":"https:\/\/vdl-dev.coodesoft.com.ar\/index.php\/wp-json\/wp\/v2\/tags?post=1089"}],"curies":[{"name":"wp","href":"https:\/\/api.w.org\/{rel}","templated":true}]}}