{"id":1103,"date":"2020-09-11T16:25:59","date_gmt":"2020-09-11T19:25:59","guid":{"rendered":"http:\/\/vocesdellangueyu.com.ar\/?p=1103"},"modified":"2020-09-11T16:26:47","modified_gmt":"2020-09-11T19:26:47","slug":"el-reclamo-salarial-de-la-policia-bonaerense-la-titular-de-la-direccion-de-seguridad-del-municipio-dijo-que-estan-en-todos-su-derecho-de-reclamar","status":"publish","type":"post","link":"https:\/\/vdl-dev.coodesoft.com.ar\/index.php\/2020\/09\/11\/el-reclamo-salarial-de-la-policia-bonaerense-la-titular-de-la-direccion-de-seguridad-del-municipio-dijo-que-estan-en-todos-su-derecho-de-reclamar\/","title":{"rendered":"EL RECLAMO SALARIAL DE LA POLIC\u00cdA BONAERENSE: LA TITULAR DE LA DIRECCI\u00d3N DE SEGURIDAD DEL MUNICIPIO DIJO QUE \u201cEST\u00c1N EN TODOS SU DERECHO DE RECLAMAR\u201d"},"content":{"rendered":"\n<p>Delfina Passeggi, titular de\nla Direcci\u00f3n de Seguridad del Municipio dijo que \u201cest\u00e1n en todos su derecho de\nreclamar\u201d porque la parte salarial de la Polic\u00eda \u201cestaba desfasada\u201d<\/p>\n\n\n\n<p>\u201cNo me parece (bien) haber\nido a la Quinta de Olivos, no ten\u00eda sentido\u201d lo que gener\u00f3 internas en la\npropia fuerza. La v\u00eda natural para reclamar es el Jefe de Polic\u00eda y el Ministro,\n\u201cEra algo que hab\u00eda que solucionar\u2026Me llam\u00f3 la atenci\u00f3n que Polic\u00eda hiciera el\nreclamo de esta manera porque nunca lo hacen y tienen una Ley de Polic\u00eda que\nhabla de que no pueden hacer este tipo de reclamo, y como no tienen sindicato\nse&nbsp; les corta los caminos de llegar a\nreclamar algo que esa justo\u201d.<\/p>\n\n\n\n<p>Passeggi&nbsp; afirm\u00f3 que \u201cno era una&nbsp; golpe institucional o algo pol\u00edtico, sino un\nreclamo salarial\u201d<\/p>\n\n\n\n<p>\u201cSon sus elementos de\ntrabajo\u201d dijo Passeggi al ser consultada por el uso de armas y m\u00f3viles en la\nprotesta. \u201cNo ten\u00edan otra\u2026 c\u00f3mo van a hacer. El uniforme&nbsp; los representa\u201d.<\/p>\n\n\n\n<p>Passeggi dijo que la posibilidad de sancionar a aquellos que participaron de la manifestaci\u00f3n no la analiza el Municipio, sino las autoridades del Ministerio de Seguridad de la Provincia<\/p>\n\n\n\n<figure class=\"wp-block-audio\"><audio controls src=\"https:\/\/vocesdellangueyu.com.ar\/wp-content\/uploads\/2020\/09\/11-09-Passeggi-primera-parte.mp3\"><\/audio><figcaption>Passeggi Delfina, Direcci\u00f3n de Seguridad<\/figcaption><\/figure>\n","protected":false},"excerpt":{"rendered":"<p>Delfina Passeggi, titular de la Direcci\u00f3n de Seguridad del Municipio dijo que \u201cest\u00e1n en todos su derecho de reclamar\u201d porque la parte salarial de la Polic\u00eda \u201cestaba desfasada\u201d \u201cNo me parece (bien) haber ido a la Quinta de Olivos, no ten\u00eda sentido\u201d lo que gener\u00f3 internas en la propia fuerza. La v\u00eda natural para reclamar [&hellip;]<\/p>\n","protected":false},"author":4,"featured_media":389,"comment_status":"open","ping_status":"open","sticky":false,"template":"","format":"standard","meta":{"spay_email":"","jetpack_publicize_message":""},"categories":[16,17,11],"tags":[],"jetpack_featured_media_url":"https:\/\/vdl-dev.coodesoft.com.ar\/wp-content\/uploads\/2020\/06\/passeggi.jpg","jetpack_publicize_connections":[],"jetpack_sharing_enabled":true,"jetpack_shortlink":"https:\/\/wp.me\/paQJuC-hN","_links":{"self":[{"href":"https:\/\/vdl-dev.coodesoft.com.ar\/index.php\/wp-json\/wp\/v2\/posts\/1103"}],"collection":[{"href":"https:\/\/vdl-dev.coodesoft.com.ar\/index.php\/wp-json\/wp\/v2\/posts"}],"about":[{"href":"https:\/\/vdl-dev.coodesoft.com.ar\/index.php\/wp-json\/wp\/v2\/types\/post"}],"author":[{"embeddable":true,"href":"https:\/\/vdl-dev.coodesoft.com.ar\/index.php\/wp-json\/wp\/v2\/users\/4"}],"replies":[{"embeddable":true,"href":"https:\/\/vdl-dev.coodesoft.com.ar\/index.php\/wp-json\/wp\/v2\/comments?post=1103"}],"version-history":[{"count":2,"href":"https:\/\/vdl-dev.coodesoft.com.ar\/index.php\/wp-json\/wp\/v2\/posts\/1103\/revisions"}],"predecessor-version":[{"id":1106,"href":"https:\/\/vdl-dev.coodesoft.com.ar\/index.php\/wp-json\/wp\/v2\/posts\/1103\/revisions\/1106"}],"wp:featuredmedia":[{"embeddable":true,"href":"https:\/\/vdl-dev.coodesoft.com.ar\/index.php\/wp-json\/wp\/v2\/media\/389"}],"wp:attachment":[{"href":"https:\/\/vdl-dev.coodesoft.com.ar\/index.php\/wp-json\/wp\/v2\/media?parent=1103"}],"wp:term":[{"taxonomy":"category","embeddable":true,"href":"https:\/\/vdl-dev.coodesoft.com.ar\/index.php\/wp-json\/wp\/v2\/categories?post=1103"},{"taxonomy":"post_tag","embeddable":true,"href":"https:\/\/vdl-dev.coodesoft.com.ar\/index.php\/wp-json\/wp\/v2\/tags?post=1103"}],"curies":[{"name":"wp","href":"https:\/\/api.w.org\/{rel}","templated":true}]}}