{"id":1111,"date":"2020-09-11T16:44:27","date_gmt":"2020-09-11T19:44:27","guid":{"rendered":"http:\/\/vocesdellangueyu.com.ar\/?p=1111"},"modified":"2020-09-11T16:44:31","modified_gmt":"2020-09-11T19:44:31","slug":"liliana-cirullo-de-suteba-dijo-que-claramente-hubo-de-un-sector-de-la-policia-una-intencion-desestabilizante","status":"publish","type":"post","link":"https:\/\/vdl-dev.coodesoft.com.ar\/index.php\/2020\/09\/11\/liliana-cirullo-de-suteba-dijo-que-claramente-hubo-de-un-sector-de-la-policia-una-intencion-desestabilizante\/","title":{"rendered":"LILIANA CIRULLO, DE SUTEBA, DIJO QUE \u201cCLARAMENTE HUBO DE UN SECTOR DE LA POLIC\u00cdA UNA INTENCI\u00d3N DESESTABILIZANTE\u201d"},"content":{"rendered":"\n<p>La titular de SUTEBA Rauch\nLiliana Cirullo fue categ\u00f3rica al sostener que un sector de la Polic\u00eda que se\nmanifest\u00f3 esta semana en reclamo de aumento salarial entre otras cosas, hubo un\nintento \u201cdesestabilizante\u201d de las instituciones democr\u00e1ticas.<\/p>\n\n\n\n<p>\u201cMe parece muy importante que\nlos medios tomen este posicionamiento de la construcci\u00f3n colectiva, la defensa\nde la democracia y reivindicar el reclamo del deterioro de los salarios, es un\nreclamo justo y lo acompa\u00f1amos, se debe garantizar las negociaciones en todos\nlos sectores del Estado\u201d.<\/p>\n\n\n\n<p>Cirullo sostuvo que como\nrepresentantes de los sindicatos y trabajadores estatales rechazan la forma del\nreclamo y expresan \u201cel m\u00e1s profundo repudio, lo entendemos como extempor\u00e1neo y\ndesmedido de un grupo de la polic\u00eda que desvirt\u00faa lo que es el reclamo salarial\u201d.<\/p>\n\n\n\n<p>\u201cReclamar con armas con veh\u00edculos\nque pertenecen al conjunto de la sociedad, poniendo en el riesgo la seguridad del\npueblo bonaerense es de una insensibilidad social notable\u201d, se\u00f1al\u00f3 la Titular\nde SUTEBA.<\/p>\n","protected":false},"excerpt":{"rendered":"<p>La titular de SUTEBA Rauch Liliana Cirullo fue categ\u00f3rica al sostener que un sector de la Polic\u00eda que se manifest\u00f3 esta semana en reclamo de aumento salarial entre otras cosas, hubo un intento \u201cdesestabilizante\u201d de las instituciones democr\u00e1ticas. \u201cMe parece muy importante que los medios tomen este posicionamiento de la construcci\u00f3n colectiva, la defensa de [&hellip;]<\/p>\n","protected":false},"author":4,"featured_media":777,"comment_status":"open","ping_status":"open","sticky":false,"template":"","format":"standard","meta":{"spay_email":"","jetpack_publicize_message":""},"categories":[17,11],"tags":[],"jetpack_featured_media_url":"https:\/\/vdl-dev.coodesoft.com.ar\/wp-content\/uploads\/2020\/08\/cirullio.jpg","jetpack_publicize_connections":[],"jetpack_sharing_enabled":true,"jetpack_shortlink":"https:\/\/wp.me\/paQJuC-hV","_links":{"self":[{"href":"https:\/\/vdl-dev.coodesoft.com.ar\/index.php\/wp-json\/wp\/v2\/posts\/1111"}],"collection":[{"href":"https:\/\/vdl-dev.coodesoft.com.ar\/index.php\/wp-json\/wp\/v2\/posts"}],"about":[{"href":"https:\/\/vdl-dev.coodesoft.com.ar\/index.php\/wp-json\/wp\/v2\/types\/post"}],"author":[{"embeddable":true,"href":"https:\/\/vdl-dev.coodesoft.com.ar\/index.php\/wp-json\/wp\/v2\/users\/4"}],"replies":[{"embeddable":true,"href":"https:\/\/vdl-dev.coodesoft.com.ar\/index.php\/wp-json\/wp\/v2\/comments?post=1111"}],"version-history":[{"count":1,"href":"https:\/\/vdl-dev.coodesoft.com.ar\/index.php\/wp-json\/wp\/v2\/posts\/1111\/revisions"}],"predecessor-version":[{"id":1112,"href":"https:\/\/vdl-dev.coodesoft.com.ar\/index.php\/wp-json\/wp\/v2\/posts\/1111\/revisions\/1112"}],"wp:featuredmedia":[{"embeddable":true,"href":"https:\/\/vdl-dev.coodesoft.com.ar\/index.php\/wp-json\/wp\/v2\/media\/777"}],"wp:attachment":[{"href":"https:\/\/vdl-dev.coodesoft.com.ar\/index.php\/wp-json\/wp\/v2\/media?parent=1111"}],"wp:term":[{"taxonomy":"category","embeddable":true,"href":"https:\/\/vdl-dev.coodesoft.com.ar\/index.php\/wp-json\/wp\/v2\/categories?post=1111"},{"taxonomy":"post_tag","embeddable":true,"href":"https:\/\/vdl-dev.coodesoft.com.ar\/index.php\/wp-json\/wp\/v2\/tags?post=1111"}],"curies":[{"name":"wp","href":"https:\/\/api.w.org\/{rel}","templated":true}]}}