{"id":1113,"date":"2020-09-11T16:57:00","date_gmt":"2020-09-11T19:57:00","guid":{"rendered":"http:\/\/vocesdellangueyu.com.ar\/?p=1113"},"modified":"2020-09-11T16:57:04","modified_gmt":"2020-09-11T19:57:04","slug":"el-concejo-deliberante-debatira-la-semana-que-viene-un-proyecto-para-dotar-de-servicio-de-internet-a-diferentes-barrios-de-la-ciudad","status":"publish","type":"post","link":"https:\/\/vdl-dev.coodesoft.com.ar\/index.php\/2020\/09\/11\/el-concejo-deliberante-debatira-la-semana-que-viene-un-proyecto-para-dotar-de-servicio-de-internet-a-diferentes-barrios-de-la-ciudad\/","title":{"rendered":"EL CONCEJO DELIBERANTE DEBATIR\u00c1 LA SEMANA QUE VIENE UN PROYECTO PARA DOTAR DE SERVICIO DE INTERNET A DIFERENTES BARRIOS DE LA CIUDAD"},"content":{"rendered":"\n<p>El concejo Deliberante\ndiscute un proyecto para dotar del servicio de internet a vecinos de diferentes\nbarrios de la ciudad que no cuentan actualmente con el servicio.<\/p>\n\n\n\n<p>La iniciativa fue presentada\npor la concejal D\u00e9bora Guti\u00e9rrez, del bloque Rauch por la Inclusi\u00f3n, quien esta\nma\u00f1ana explic\u00f3 que la intenci\u00f3n es que el Municipio haga lo necesario para que\ntodos los habitantes tengan acceso a un herramienta de desarrollo e\nindispensable, mucho m\u00e1s en tiempos de pandemia, para por ejemplo poder\nacompa\u00f1ar el proceso pedag\u00f3gico en el \u00e1mbito educativo.<\/p>\n\n\n\n<p>Guiti\u00e9rrez se\u00f1al\u00f3 que \u201cel\nproyecto surge a partir del pedido de diferentes familias que no pueden acceder\na la educaci\u00f3n y las actividades de sus hijos en medio de la situaci\u00f3n de\npandemia en la que vivimos, la idea del proyecto es que el Estado municipal\ndebe poner todos sus esfuerzos para garantizar el acceso a internet y para tambi\u00e9n\ngarantizar el derecho a la educaci\u00f3n\u201d.<\/p>\n\n\n\n<p>El proyecto dirigido al\nDepartamento Ejecutivo pide que se \u201cinstrumente el acceso a internet gratuito\nen los barrios que se encuentran en situaci\u00f3n de vulnerabilidad con fines\neducativos, para alumnos, alumnas y docentes en el marco de la continuidad\npedag\u00f3gica, mientras dure el aislamiento social, preventivo y obligatorio y\/o a\ncualquier disposici\u00f3n que de continuidad a las clases virtuales\u201d. <\/p>\n\n\n\n<p>El art\u00edculo 2 solicita el \u201capoyo\nde la Direcci\u00f3n de Educaci\u00f3n Municipal, para el uso de las herramientas y el\ncumplimiento de los protocolos de bioseguridad en los NIDO\u201d y por \u00faltimo, el 3\nle pide al Departamento Ejecutivo Municipal \u201carticular acciones en conjunto con\nla Direcci\u00f3n de Educaci\u00f3n Municipal y la Jefatura Distrital de Rauch en\nreferencia al diagn\u00f3stico real de la situaci\u00f3n de accesibilidad educativa para\ndar respuesta a las problem\u00e1ticas de conectividad digital y acceso a\ndispositivos tecnol\u00f3gicos\u201d.<\/p>\n","protected":false},"excerpt":{"rendered":"<p>El concejo Deliberante discute un proyecto para dotar del servicio de internet a vecinos de diferentes barrios de la ciudad que no cuentan actualmente con el servicio. La iniciativa fue presentada por la concejal D\u00e9bora Guti\u00e9rrez, del bloque Rauch por la Inclusi\u00f3n, quien esta ma\u00f1ana explic\u00f3 que la intenci\u00f3n es que el Municipio haga lo [&hellip;]<\/p>\n","protected":false},"author":4,"featured_media":424,"comment_status":"open","ping_status":"open","sticky":false,"template":"","format":"standard","meta":{"spay_email":"","jetpack_publicize_message":""},"categories":[17,11],"tags":[],"jetpack_featured_media_url":"https:\/\/vdl-dev.coodesoft.com.ar\/wp-content\/uploads\/2020\/06\/guiterrez.jpg","jetpack_publicize_connections":[],"jetpack_sharing_enabled":true,"jetpack_shortlink":"https:\/\/wp.me\/paQJuC-hX","_links":{"self":[{"href":"https:\/\/vdl-dev.coodesoft.com.ar\/index.php\/wp-json\/wp\/v2\/posts\/1113"}],"collection":[{"href":"https:\/\/vdl-dev.coodesoft.com.ar\/index.php\/wp-json\/wp\/v2\/posts"}],"about":[{"href":"https:\/\/vdl-dev.coodesoft.com.ar\/index.php\/wp-json\/wp\/v2\/types\/post"}],"author":[{"embeddable":true,"href":"https:\/\/vdl-dev.coodesoft.com.ar\/index.php\/wp-json\/wp\/v2\/users\/4"}],"replies":[{"embeddable":true,"href":"https:\/\/vdl-dev.coodesoft.com.ar\/index.php\/wp-json\/wp\/v2\/comments?post=1113"}],"version-history":[{"count":1,"href":"https:\/\/vdl-dev.coodesoft.com.ar\/index.php\/wp-json\/wp\/v2\/posts\/1113\/revisions"}],"predecessor-version":[{"id":1114,"href":"https:\/\/vdl-dev.coodesoft.com.ar\/index.php\/wp-json\/wp\/v2\/posts\/1113\/revisions\/1114"}],"wp:featuredmedia":[{"embeddable":true,"href":"https:\/\/vdl-dev.coodesoft.com.ar\/index.php\/wp-json\/wp\/v2\/media\/424"}],"wp:attachment":[{"href":"https:\/\/vdl-dev.coodesoft.com.ar\/index.php\/wp-json\/wp\/v2\/media?parent=1113"}],"wp:term":[{"taxonomy":"category","embeddable":true,"href":"https:\/\/vdl-dev.coodesoft.com.ar\/index.php\/wp-json\/wp\/v2\/categories?post=1113"},{"taxonomy":"post_tag","embeddable":true,"href":"https:\/\/vdl-dev.coodesoft.com.ar\/index.php\/wp-json\/wp\/v2\/tags?post=1113"}],"curies":[{"name":"wp","href":"https:\/\/api.w.org\/{rel}","templated":true}]}}