{"id":1115,"date":"2020-09-14T15:51:30","date_gmt":"2020-09-14T18:51:30","guid":{"rendered":"http:\/\/vocesdellangueyu.com.ar\/?p=1115"},"modified":"2020-09-14T15:54:11","modified_gmt":"2020-09-14T18:54:11","slug":"se-movilizaron-los-prestadores-de-servicios-en-eventos-sociales","status":"publish","type":"post","link":"https:\/\/vdl-dev.coodesoft.com.ar\/index.php\/2020\/09\/14\/se-movilizaron-los-prestadores-de-servicios-en-eventos-sociales\/","title":{"rendered":"SE MOVILIZARON LOS PRESTADORES DE SERVICIOS EN EVENTOS SOCIALES"},"content":{"rendered":"\n<p>Se realiz\u00f3 ayer en nuestra\nciudad una movilizaci\u00f3n protagonizada por prestadores de servicios en eventos\nsociales, una actividad econ\u00f3mica que est\u00e1 totalmente paralizada desde el\ncomienzo de la pandemia por coronavirus, en marzo pasado.<\/p>\n\n\n\n<p>Diego Pe\u00f1alva en\nrepresentaci\u00f3n de las empresas de sonido dijo que hace seis meses que est\u00e1n sin\ntrabajo y no han tenido respuesta por eso realizaron un petitorio a nivel\nnacional, provincial y municipal, \u201cla idea es tener una respuesta, si es apoyo\nmucho mejor, estamos abiertos al di\u00e1logo\u201d.<\/p>\n\n\n\n<p>Alejandra Ar\u00e9valo en\nrepresentaci\u00f3n de los servicios de catering coment\u00f3 que son seis las empresas\nde catering que participaron del petitorio que se elev\u00f3 a Provincia y a Naci\u00f3n,\n\u201cnecesitamos un respaldo desde el Municipio, Provincia o Naci\u00f3n \u2026 hace seis\nmeses que estoy sin trabajo y necesitamos una ayuda para el d\u00eda a d\u00eda\u201d.<\/p>\n\n\n\n<p>Silvia Othar representante de\nlos peloteros sostuvo que es un rubro que tiende a desaparecer, \u201cva a quedar\nsin casas de fiestas el pueblo porque la situaci\u00f3n es muy dif\u00edcil, es imposible\nde sostener\u201d.<\/p>\n\n\n\n<p>Silvia Berrotar\u00e1n, del\nbloque&nbsp; de Cambiemos, explic\u00f3 los\nalcances de un proyecto impulsado por el oficialismo local que le pide a los\ngobiernos Nacional y Provincial alg\u00fan acompa\u00f1amientos para los trabajadores del\nsector.<\/p>\n\n\n\n<p>Berrotar\u00e1n coment\u00f3 que a fines\nde agosto tuvieron una reuni\u00f3n ambos bloque con el grupo GRUPER (grupo de\nproveedores de eventos de Rauch) para analizar las distintas problem\u00e1ticas del\nsector que son b\u00e1sicamente econ\u00f3micas, ellos entienden la situaci\u00f3n de\npandemia, elaboraron un protocolo para poder trabajar en las distintas\nactividades y le solicitaban al Concejo Deliberante para poder tener una ayuda\ndesde lo legislativo y saber hasta cuando iba a continuar la prohibici\u00f3n de\nrealizar eventos.<\/p>\n\n\n\n<p>Manifestaron que la ayuda del\nMunicipio no \u201cles alcanza\u201d y contin\u00faan en di\u00e1logo &nbsp;pero reclaman una ayuda mayor por eso el\npedido va dirigido a Naci\u00f3n y Provincia.<\/p>\n\n\n\n<p>Hoy a las 13,30 horas una\ncomitiva que representa a los trabajadores del sector ser\u00e1 recibida por el\nIntendente Municipal Maximiliano Suescun para evaluar la situaci\u00f3n.<\/p>\n\n\n\n<p>Ya hab\u00edan mantenido una\nentrevista previa con el Jefe Comunal y con los concejales de todos los\nbloques.<\/p>\n\n\n\n<figure class=\"wp-block-audio\"><audio controls src=\"https:\/\/vocesdellangueyu.com.ar\/wp-content\/uploads\/2020\/09\/14-09-Berrotar\u00e1n-eventos-sociales.mp3\"><\/audio><figcaption>Silvia Berrotar\u00e1n, Cambiemos<\/figcaption><\/figure>\n\n\n\n<figure class=\"wp-block-audio\"><audio controls src=\"https:\/\/vocesdellangueyu.com.ar\/wp-content\/uploads\/2020\/09\/14-09-Diego-Pe\u00f1alba0.mp3\"><\/audio><figcaption>Diego Pe\u00f1alba, representante del empresas de sonido<\/figcaption><\/figure>\n","protected":false},"excerpt":{"rendered":"<p>Se realiz\u00f3 ayer en nuestra ciudad una movilizaci\u00f3n protagonizada por prestadores de servicios en eventos sociales, una actividad econ\u00f3mica que est\u00e1 totalmente paralizada desde el comienzo de la pandemia por coronavirus, en marzo pasado. Diego Pe\u00f1alva en representaci\u00f3n de las empresas de sonido dijo que hace seis meses que est\u00e1n sin trabajo y no han [&hellip;]<\/p>\n","protected":false},"author":4,"featured_media":1117,"comment_status":"open","ping_status":"open","sticky":false,"template":"","format":"standard","meta":{"spay_email":"","jetpack_publicize_message":""},"categories":[17,11,13],"tags":[],"jetpack_featured_media_url":"https:\/\/vdl-dev.coodesoft.com.ar\/wp-content\/uploads\/2020\/09\/diego-pe\u00f1alva.jpeg","jetpack_publicize_connections":[],"jetpack_sharing_enabled":true,"jetpack_shortlink":"https:\/\/wp.me\/paQJuC-hZ","_links":{"self":[{"href":"https:\/\/vdl-dev.coodesoft.com.ar\/index.php\/wp-json\/wp\/v2\/posts\/1115"}],"collection":[{"href":"https:\/\/vdl-dev.coodesoft.com.ar\/index.php\/wp-json\/wp\/v2\/posts"}],"about":[{"href":"https:\/\/vdl-dev.coodesoft.com.ar\/index.php\/wp-json\/wp\/v2\/types\/post"}],"author":[{"embeddable":true,"href":"https:\/\/vdl-dev.coodesoft.com.ar\/index.php\/wp-json\/wp\/v2\/users\/4"}],"replies":[{"embeddable":true,"href":"https:\/\/vdl-dev.coodesoft.com.ar\/index.php\/wp-json\/wp\/v2\/comments?post=1115"}],"version-history":[{"count":2,"href":"https:\/\/vdl-dev.coodesoft.com.ar\/index.php\/wp-json\/wp\/v2\/posts\/1115\/revisions"}],"predecessor-version":[{"id":1122,"href":"https:\/\/vdl-dev.coodesoft.com.ar\/index.php\/wp-json\/wp\/v2\/posts\/1115\/revisions\/1122"}],"wp:featuredmedia":[{"embeddable":true,"href":"https:\/\/vdl-dev.coodesoft.com.ar\/index.php\/wp-json\/wp\/v2\/media\/1117"}],"wp:attachment":[{"href":"https:\/\/vdl-dev.coodesoft.com.ar\/index.php\/wp-json\/wp\/v2\/media?parent=1115"}],"wp:term":[{"taxonomy":"category","embeddable":true,"href":"https:\/\/vdl-dev.coodesoft.com.ar\/index.php\/wp-json\/wp\/v2\/categories?post=1115"},{"taxonomy":"post_tag","embeddable":true,"href":"https:\/\/vdl-dev.coodesoft.com.ar\/index.php\/wp-json\/wp\/v2\/tags?post=1115"}],"curies":[{"name":"wp","href":"https:\/\/api.w.org\/{rel}","templated":true}]}}