{"id":1134,"date":"2020-09-15T15:41:26","date_gmt":"2020-09-15T18:41:26","guid":{"rendered":"http:\/\/vocesdellangueyu.com.ar\/?p=1134"},"modified":"2020-09-15T15:41:30","modified_gmt":"2020-09-15T18:41:30","slug":"el-sonidista-diego-penalva-sintetizo-la-urgencia-de-los-sectores-relacionados-con-los-eventos-sociales-necesitamos-la-ayuda-ya","status":"publish","type":"post","link":"https:\/\/vdl-dev.coodesoft.com.ar\/index.php\/2020\/09\/15\/el-sonidista-diego-penalva-sintetizo-la-urgencia-de-los-sectores-relacionados-con-los-eventos-sociales-necesitamos-la-ayuda-ya\/","title":{"rendered":"EL SONIDISTA DIEGO PE\u00d1ALVA SINTETIZ\u00d3 LA URGENCIA DE LOS SECTORES RELACIONADOS CON LOS EVENTOS SOCIALES: \u201cNECESITAMOS LA AYUDA YA\u201d"},"content":{"rendered":"\n<p>El titular de una de las\nempresas de sonido de nuestra ciudad, Diego \u201cPopy\u201d Pe\u00f1alva, describi\u00f3 los\nalcances de la reuni\u00f3n que mantuvieron ayer con el Intendente Municipal\nMaximiliano Suescun, en la que le plantearon los reclamos de los prestadores de\nservicios en eventos sociales ante la imposibilidad de trabajar desde marzo\npasado, con el inicio mismo de la cuarentena por e l coronavirus. <\/p>\n\n\n\n<figure class=\"wp-block-audio\"><audio controls src=\"https:\/\/vocesdellangueyu.com.ar\/wp-content\/uploads\/2020\/09\/15-09-Pe\u00f1alva-segunda-parte.mp3\"><\/audio><figcaption>Diego Pe\u00f1alva, sonidista<\/figcaption><\/figure>\n\n\n\n<p>El encuentro tuvo lugar en el\nSal\u00f3n Blanco del Palacio Municipal, y fue despu\u00e9s de la movilizaci\u00f3n que\nprotagonizaron el domingo pasado por el centro de la ciudad.<\/p>\n\n\n\n<p>El Intendente estuvo\nacompa\u00f1ado por el Secretario de Planificaci\u00f3n Mario Ibargoyen y el de\nDesarrollo Productivo Daniel Poffer.<\/p>\n\n\n\n<p>Pe\u00f1alva sintetiz\u00f3 que el\nbalance fue \u201cpositivo\u201d nos explicaron que si no hay una orden nacional de la\nvuelta de los eventos&nbsp; no va a suceder, \u201cellos\nentendieron nuestro reclamo y nosotros entendemos lo que est\u00e1 pasando tambi\u00e9n.\nNo se acord\u00f3 alguna ayuda pero tenemos la esperanza de poder llegar a algo que\nnos ayude a nosotros y al gobierno\u201d.<\/p>\n\n\n\n<p>&nbsp;\u201cDur\u00edsimo\u201d as\u00ed calific\u00f3 Pe\u00f1alva c\u00f3mo ha sido\nel transcurrir de estos \u00faltimos seis meses en los que no se han realizado\neventos sociales, una forma de vida para muchas familias de Rauch.\n\n\u201cNecesitamos la ayuda ya\u201d a\u00f1adi\u00f3.\n\n\n\n<\/p>\n","protected":false},"excerpt":{"rendered":"<p>El titular de una de las empresas de sonido de nuestra ciudad, Diego \u201cPopy\u201d Pe\u00f1alva, describi\u00f3 los alcances de la reuni\u00f3n que mantuvieron ayer con el Intendente Municipal Maximiliano Suescun, en la que le plantearon los reclamos de los prestadores de servicios en eventos sociales ante la imposibilidad de trabajar desde marzo pasado, con el [&hellip;]<\/p>\n","protected":false},"author":4,"featured_media":1135,"comment_status":"open","ping_status":"open","sticky":false,"template":"","format":"standard","meta":{"spay_email":"","jetpack_publicize_message":""},"categories":[17,11,13],"tags":[],"jetpack_featured_media_url":"https:\/\/vdl-dev.coodesoft.com.ar\/wp-content\/uploads\/2020\/09\/pe\u00f1alva.jpg","jetpack_publicize_connections":[],"jetpack_sharing_enabled":true,"jetpack_shortlink":"https:\/\/wp.me\/paQJuC-ii","_links":{"self":[{"href":"https:\/\/vdl-dev.coodesoft.com.ar\/index.php\/wp-json\/wp\/v2\/posts\/1134"}],"collection":[{"href":"https:\/\/vdl-dev.coodesoft.com.ar\/index.php\/wp-json\/wp\/v2\/posts"}],"about":[{"href":"https:\/\/vdl-dev.coodesoft.com.ar\/index.php\/wp-json\/wp\/v2\/types\/post"}],"author":[{"embeddable":true,"href":"https:\/\/vdl-dev.coodesoft.com.ar\/index.php\/wp-json\/wp\/v2\/users\/4"}],"replies":[{"embeddable":true,"href":"https:\/\/vdl-dev.coodesoft.com.ar\/index.php\/wp-json\/wp\/v2\/comments?post=1134"}],"version-history":[{"count":1,"href":"https:\/\/vdl-dev.coodesoft.com.ar\/index.php\/wp-json\/wp\/v2\/posts\/1134\/revisions"}],"predecessor-version":[{"id":1137,"href":"https:\/\/vdl-dev.coodesoft.com.ar\/index.php\/wp-json\/wp\/v2\/posts\/1134\/revisions\/1137"}],"wp:featuredmedia":[{"embeddable":true,"href":"https:\/\/vdl-dev.coodesoft.com.ar\/index.php\/wp-json\/wp\/v2\/media\/1135"}],"wp:attachment":[{"href":"https:\/\/vdl-dev.coodesoft.com.ar\/index.php\/wp-json\/wp\/v2\/media?parent=1134"}],"wp:term":[{"taxonomy":"category","embeddable":true,"href":"https:\/\/vdl-dev.coodesoft.com.ar\/index.php\/wp-json\/wp\/v2\/categories?post=1134"},{"taxonomy":"post_tag","embeddable":true,"href":"https:\/\/vdl-dev.coodesoft.com.ar\/index.php\/wp-json\/wp\/v2\/tags?post=1134"}],"curies":[{"name":"wp","href":"https:\/\/api.w.org\/{rel}","templated":true}]}}