{"id":1138,"date":"2020-09-15T15:53:14","date_gmt":"2020-09-15T18:53:14","guid":{"rendered":"http:\/\/vocesdellangueyu.com.ar\/?p=1138"},"modified":"2020-09-15T15:53:18","modified_gmt":"2020-09-15T18:53:18","slug":"daniela-castets-senalo-que-es-muy-probable-que-este-ano-no-haya-presencialidad","status":"publish","type":"post","link":"https:\/\/vdl-dev.coodesoft.com.ar\/index.php\/2020\/09\/15\/daniela-castets-senalo-que-es-muy-probable-que-este-ano-no-haya-presencialidad\/","title":{"rendered":"DANIELA CASTETS SE\u00d1AL\u00d3 QUE \u201cES MUY PROBABLE QUE ESTE A\u00d1O NO HAYA PRESENCIALIDAD\u201d"},"content":{"rendered":"\n<p>Daniela Castets, titular de\nla Jefatura Distrital de Rauch, confirm\u00f3 que est\u00e1 pr\u00e1cticamente descartada la\nposibilidad que en el tramo final del ciclo lectivo se retorne con la modalidad\nde las clases presenciales. \u201cEs muy probable que este a\u00f1o no haya\npresencialidad\u201d dijo.<\/p>\n\n\n\n<figure class=\"wp-block-audio\"><audio controls src=\"https:\/\/vocesdellangueyu.com.ar\/wp-content\/uploads\/2020\/09\/15-09-Castets-vuelta-a-clases-parte-1.mp3\"><\/audio><figcaption>Daniela Castets, Jefatura Distrital de Rauch<\/figcaption><\/figure>\n\n\n\n<p>Anticip\u00f3 que habr\u00e1 una continuidad\npedag\u00f3gica del actual ciclo lectivo con el del a\u00f1o que viene, \u201cest\u00e1 aprobada la\nunidad pedag\u00f3gica 2020-2021, lo que&nbsp; no\nse pueda ense\u00f1ar este a\u00f1o continuar\u00e1 en el 2021, el ciclo lectivo no termina en\ndiciembre contin\u00faa el a\u00f1o que viene\u201d pero aclar\u00f3 que a\u00fan no est\u00e1 la normativa\noficial.<\/p>\n\n\n\n<p>Sobre la des vinculaci\u00f3n de\nlos alumnos con la instituci\u00f3n escolar Castets explic\u00f3 que se est\u00e1 trabajando\ncon los alumnos que no tienen vinculaci\u00f3n con la escuela o una baja en la\nvinculaci\u00f3n, \u201cson m\u00faltiples las causas y cada alumno tiene su realidad\u201d. Castets\nsostuvo que con las clases virtuales hay contenidos que se perder\u00e1n, pero hay\naspectos positivos que contemplar tambi\u00e9n<\/p>\n","protected":false},"excerpt":{"rendered":"<p>Daniela Castets, titular de la Jefatura Distrital de Rauch, confirm\u00f3 que est\u00e1 pr\u00e1cticamente descartada la posibilidad que en el tramo final del ciclo lectivo se retorne con la modalidad de las clases presenciales. \u201cEs muy probable que este a\u00f1o no haya presencialidad\u201d dijo. Anticip\u00f3 que habr\u00e1 una continuidad pedag\u00f3gica del actual ciclo lectivo con el [&hellip;]<\/p>\n","protected":false},"author":4,"featured_media":1140,"comment_status":"open","ping_status":"open","sticky":false,"template":"","format":"standard","meta":{"spay_email":"","jetpack_publicize_message":""},"categories":[17,11,13],"tags":[],"jetpack_featured_media_url":"https:\/\/vdl-dev.coodesoft.com.ar\/wp-content\/uploads\/2020\/09\/castes.jpg","jetpack_publicize_connections":[],"jetpack_sharing_enabled":true,"jetpack_shortlink":"https:\/\/wp.me\/paQJuC-im","_links":{"self":[{"href":"https:\/\/vdl-dev.coodesoft.com.ar\/index.php\/wp-json\/wp\/v2\/posts\/1138"}],"collection":[{"href":"https:\/\/vdl-dev.coodesoft.com.ar\/index.php\/wp-json\/wp\/v2\/posts"}],"about":[{"href":"https:\/\/vdl-dev.coodesoft.com.ar\/index.php\/wp-json\/wp\/v2\/types\/post"}],"author":[{"embeddable":true,"href":"https:\/\/vdl-dev.coodesoft.com.ar\/index.php\/wp-json\/wp\/v2\/users\/4"}],"replies":[{"embeddable":true,"href":"https:\/\/vdl-dev.coodesoft.com.ar\/index.php\/wp-json\/wp\/v2\/comments?post=1138"}],"version-history":[{"count":1,"href":"https:\/\/vdl-dev.coodesoft.com.ar\/index.php\/wp-json\/wp\/v2\/posts\/1138\/revisions"}],"predecessor-version":[{"id":1142,"href":"https:\/\/vdl-dev.coodesoft.com.ar\/index.php\/wp-json\/wp\/v2\/posts\/1138\/revisions\/1142"}],"wp:featuredmedia":[{"embeddable":true,"href":"https:\/\/vdl-dev.coodesoft.com.ar\/index.php\/wp-json\/wp\/v2\/media\/1140"}],"wp:attachment":[{"href":"https:\/\/vdl-dev.coodesoft.com.ar\/index.php\/wp-json\/wp\/v2\/media?parent=1138"}],"wp:term":[{"taxonomy":"category","embeddable":true,"href":"https:\/\/vdl-dev.coodesoft.com.ar\/index.php\/wp-json\/wp\/v2\/categories?post=1138"},{"taxonomy":"post_tag","embeddable":true,"href":"https:\/\/vdl-dev.coodesoft.com.ar\/index.php\/wp-json\/wp\/v2\/tags?post=1138"}],"curies":[{"name":"wp","href":"https:\/\/api.w.org\/{rel}","templated":true}]}}