{"id":1143,"date":"2020-09-15T16:05:44","date_gmt":"2020-09-15T19:05:44","guid":{"rendered":"http:\/\/vocesdellangueyu.com.ar\/?p=1143"},"modified":"2020-09-15T16:05:47","modified_gmt":"2020-09-15T19:05:47","slug":"la-semana-joven-sera-de-forma-virtual-del-21-al-25-de-septiembre","status":"publish","type":"post","link":"https:\/\/vdl-dev.coodesoft.com.ar\/index.php\/2020\/09\/15\/la-semana-joven-sera-de-forma-virtual-del-21-al-25-de-septiembre\/","title":{"rendered":"LA \u201cSEMANA JOVEN\u201d SER\u00c1 DE FORMA VIRTUAL DEL 21 AL 25 DE SEPTIEMBRE"},"content":{"rendered":"\n<p>Del 21 al 25 de septiembre se\nrealizar\u00e1 la \u201cSemana Joven\u201d, que es organizada por Regi\u00f3n 17 del \u00e1rea educativa\nde la Provincia, y que tiene en Rauch a la Jefatura Distrital como la encargada\nde coordinar las acciones.<\/p>\n\n\n\n<figure class=\"wp-block-image\"><img src=\"blob:https:\/\/vocesdellangueyu.com.ar\/723c12b8-b6c6-41a2-8651-97fb595b8268\" alt=\"\"\/><\/figure>\n\n\n\n<p>Ser\u00e1n d\u00edas en los que se\ndifundir\u00e1n trabajos de los estudiantes en \u00e1reas como dibujo, pintura, m\u00fasica,\ncharlas y debates con diferentes ejes, todo en formas virtual.<\/p>\n\n\n\n<p>La m\u00e1xima responsable de la\nJefatura Distrital Daniela Castets brind\u00f3 precisiones \u201ceste a\u00f1o de pandemia la\nregi\u00f3n 17 hizo una propuesta de llevar a cabo diversas actividades, espect\u00e1culos\ny formas de participaci\u00f3n de los estudiantes en formato virtual, hay dos\nperfiles en Facebook e Instagram en donde los alumnos compartir\u00edan sus\nproducciones\u201d.<\/p>\n","protected":false},"excerpt":{"rendered":"<p>Del 21 al 25 de septiembre se realizar\u00e1 la \u201cSemana Joven\u201d, que es organizada por Regi\u00f3n 17 del \u00e1rea educativa de la Provincia, y que tiene en Rauch a la Jefatura Distrital como la encargada de coordinar las acciones. Ser\u00e1n d\u00edas en los que se difundir\u00e1n trabajos de los estudiantes en \u00e1reas como dibujo, pintura, [&hellip;]<\/p>\n","protected":false},"author":4,"featured_media":0,"comment_status":"open","ping_status":"open","sticky":false,"template":"","format":"standard","meta":{"spay_email":"","jetpack_publicize_message":""},"categories":[17,11],"tags":[],"jetpack_featured_media_url":"","jetpack_publicize_connections":[],"jetpack_sharing_enabled":true,"jetpack_shortlink":"https:\/\/wp.me\/paQJuC-ir","_links":{"self":[{"href":"https:\/\/vdl-dev.coodesoft.com.ar\/index.php\/wp-json\/wp\/v2\/posts\/1143"}],"collection":[{"href":"https:\/\/vdl-dev.coodesoft.com.ar\/index.php\/wp-json\/wp\/v2\/posts"}],"about":[{"href":"https:\/\/vdl-dev.coodesoft.com.ar\/index.php\/wp-json\/wp\/v2\/types\/post"}],"author":[{"embeddable":true,"href":"https:\/\/vdl-dev.coodesoft.com.ar\/index.php\/wp-json\/wp\/v2\/users\/4"}],"replies":[{"embeddable":true,"href":"https:\/\/vdl-dev.coodesoft.com.ar\/index.php\/wp-json\/wp\/v2\/comments?post=1143"}],"version-history":[{"count":1,"href":"https:\/\/vdl-dev.coodesoft.com.ar\/index.php\/wp-json\/wp\/v2\/posts\/1143\/revisions"}],"predecessor-version":[{"id":1145,"href":"https:\/\/vdl-dev.coodesoft.com.ar\/index.php\/wp-json\/wp\/v2\/posts\/1143\/revisions\/1145"}],"wp:attachment":[{"href":"https:\/\/vdl-dev.coodesoft.com.ar\/index.php\/wp-json\/wp\/v2\/media?parent=1143"}],"wp:term":[{"taxonomy":"category","embeddable":true,"href":"https:\/\/vdl-dev.coodesoft.com.ar\/index.php\/wp-json\/wp\/v2\/categories?post=1143"},{"taxonomy":"post_tag","embeddable":true,"href":"https:\/\/vdl-dev.coodesoft.com.ar\/index.php\/wp-json\/wp\/v2\/tags?post=1143"}],"curies":[{"name":"wp","href":"https:\/\/api.w.org\/{rel}","templated":true}]}}