{"id":1147,"date":"2020-09-15T16:21:23","date_gmt":"2020-09-15T19:21:23","guid":{"rendered":"http:\/\/vocesdellangueyu.com.ar\/?p=1147"},"modified":"2020-09-15T16:21:26","modified_gmt":"2020-09-15T19:21:26","slug":"reunion-de-los-bloques-de-concejales-con-la-agrupacion-de-arquitectos-sociales-e-independientes-de-rauch","status":"publish","type":"post","link":"https:\/\/vdl-dev.coodesoft.com.ar\/index.php\/2020\/09\/15\/reunion-de-los-bloques-de-concejales-con-la-agrupacion-de-arquitectos-sociales-e-independientes-de-rauch\/","title":{"rendered":"REUNI\u00d3N DE LOS BLOQUES DE CONCEJALES CON LA AGRUPACI\u00d3N DE ARQUITECTOS SOCIALES E INDEPENDIENTES DE RAUCH"},"content":{"rendered":"\n<figure class=\"wp-block-audio\"><audio controls src=\"https:\/\/vocesdellangueyu.com.ar\/wp-content\/uploads\/2020\/09\/14-09-Dinamarca-segunda-parte.mp3\"><\/audio><figcaption>Luciano Dinamarca, arquitecto<\/figcaption><\/figure>\n\n\n\n<p>La semana pasada se realiz\u00f3\nuna reuni\u00f3n entre concejales de todos los bloques con miembros de la flamante Agrupaci\u00f3n\nde Arquitectos Sociales e Independientes de Rauch, con el objetivo de avanzar\ncon alternativas que permitan financiar el costo que tendr\u00e1 para las familias adjudicatarias\ndel programa \u201cMi terreno en mi ciudad\u201d la elaboraci\u00f3n de los planos de obra que\nse les exige para comenzar la construcci\u00f3n de sus casas.<\/p>\n\n\n\n<p>Dinamarca explic\u00f3 que el\nencuentro con los ediles form\u00f3 parte de una serie de reuniones \u2013que&nbsp; incluy\u00f3 otra con el Intendente Municipal\nMaximiliano Suescun el viernes- tendientes a discutir un proyecto que present\u00f3\nel bloque del Frente de Todos para eximir de la obligaci\u00f3n de la presentaci\u00f3n\nde planos aprobados antes de construir a las familias que no pudieran afrontar\nel costo.<\/p>\n\n\n\n<p>El profesional adelant\u00f3 que\nno adhieren a la iniciativa porque legalmente no es posible, y por ello\nplantean alternativas para que el tr\u00e1mite se pueda realizar a un menor costo<\/p>\n\n\n\n<p>\u201cLo que nosotros propon\u00edamos en\neste primer acuerdo reducir notablemente nuestros honorarios teniendo en cuenta\nla situaci\u00f3n que se viv\u00eda y solicit\u00e1bamos a la Municipalidad que se les exima de\nderecho de construcci\u00f3n que es un impuesto municipal que se paga para empezar a\nconstruir\u201d.<\/p>\n\n\n\n<p>Los honorarios est\u00e1n normados\npor el Colegio de Arquitectos hay un m\u00ednimo y un m\u00e1ximo que se debe cumplir, \u201cen\nbase a esto estamos trabajando con distintas alternativas\u201d.<\/p>\n\n\n\n<p>Dinamarca dijo que la reuni\u00f3n\nfue \u201cmuy positiva\u201d y se\u00f1al\u00f3 que trataron otros temas referidos a la\nconstrucci\u00f3n como los controles sobre la construcci\u00f3n porque \u201chay muchas obras\nclandestinas\u201d.<\/p>\n","protected":false},"excerpt":{"rendered":"<p>La semana pasada se realiz\u00f3 una reuni\u00f3n entre concejales de todos los bloques con miembros de la flamante Agrupaci\u00f3n de Arquitectos Sociales e Independientes de Rauch, con el objetivo de avanzar con alternativas que permitan financiar el costo que tendr\u00e1 para las familias adjudicatarias del programa \u201cMi terreno en mi ciudad\u201d la elaboraci\u00f3n de los [&hellip;]<\/p>\n","protected":false},"author":4,"featured_media":1149,"comment_status":"open","ping_status":"open","sticky":false,"template":"","format":"standard","meta":{"spay_email":"","jetpack_publicize_message":""},"categories":[17,11,13],"tags":[],"jetpack_featured_media_url":"https:\/\/vdl-dev.coodesoft.com.ar\/wp-content\/uploads\/2020\/09\/dinamarc-a.jpg","jetpack_publicize_connections":[],"jetpack_sharing_enabled":true,"jetpack_shortlink":"https:\/\/wp.me\/paQJuC-iv","_links":{"self":[{"href":"https:\/\/vdl-dev.coodesoft.com.ar\/index.php\/wp-json\/wp\/v2\/posts\/1147"}],"collection":[{"href":"https:\/\/vdl-dev.coodesoft.com.ar\/index.php\/wp-json\/wp\/v2\/posts"}],"about":[{"href":"https:\/\/vdl-dev.coodesoft.com.ar\/index.php\/wp-json\/wp\/v2\/types\/post"}],"author":[{"embeddable":true,"href":"https:\/\/vdl-dev.coodesoft.com.ar\/index.php\/wp-json\/wp\/v2\/users\/4"}],"replies":[{"embeddable":true,"href":"https:\/\/vdl-dev.coodesoft.com.ar\/index.php\/wp-json\/wp\/v2\/comments?post=1147"}],"version-history":[{"count":1,"href":"https:\/\/vdl-dev.coodesoft.com.ar\/index.php\/wp-json\/wp\/v2\/posts\/1147\/revisions"}],"predecessor-version":[{"id":1150,"href":"https:\/\/vdl-dev.coodesoft.com.ar\/index.php\/wp-json\/wp\/v2\/posts\/1147\/revisions\/1150"}],"wp:featuredmedia":[{"embeddable":true,"href":"https:\/\/vdl-dev.coodesoft.com.ar\/index.php\/wp-json\/wp\/v2\/media\/1149"}],"wp:attachment":[{"href":"https:\/\/vdl-dev.coodesoft.com.ar\/index.php\/wp-json\/wp\/v2\/media?parent=1147"}],"wp:term":[{"taxonomy":"category","embeddable":true,"href":"https:\/\/vdl-dev.coodesoft.com.ar\/index.php\/wp-json\/wp\/v2\/categories?post=1147"},{"taxonomy":"post_tag","embeddable":true,"href":"https:\/\/vdl-dev.coodesoft.com.ar\/index.php\/wp-json\/wp\/v2\/tags?post=1147"}],"curies":[{"name":"wp","href":"https:\/\/api.w.org\/{rel}","templated":true}]}}