{"id":1151,"date":"2020-09-16T16:54:55","date_gmt":"2020-09-16T19:54:55","guid":{"rendered":"http:\/\/vocesdellangueyu.com.ar\/?p=1151"},"modified":"2020-09-16T16:54:59","modified_gmt":"2020-09-16T19:54:59","slug":"reunion-con-el-segundo-de-berni-el-concejal-luciano-fernandez-aseguro-que-cumplieron-con-los-protocolos-por-coronavirus","status":"publish","type":"post","link":"https:\/\/vdl-dev.coodesoft.com.ar\/index.php\/2020\/09\/16\/reunion-con-el-segundo-de-berni-el-concejal-luciano-fernandez-aseguro-que-cumplieron-con-los-protocolos-por-coronavirus\/","title":{"rendered":"REUNI\u00d3N CON EL SEGUNDO DE BERNI: EL CONCEJAL LUCIANO FERN\u00c1NDEZ ASEGUR\u00d3 QUE CUMPLIERON CON LOS PROTOCOLOS POR CORONAVIRUS"},"content":{"rendered":"\n<p><\/p>\n\n\n\n<p>Luciano Fern\u00e1ndez, uno de los\nconcejales del Frente de Todos que ayer se reunieron con el funcionario del\nMinisterio de Seguridad Daniel Sosa, explic\u00f3 que&nbsp; se cumplieron con todos los pasos que indica\nel protocolo por coronavirus \u201cEstuvimos con la visita de Daniel Sosa cumpliendo\ncon los protocolos correspondientes a la situaci\u00f3n que estamos atravesando,\nd\u00edas atr\u00e1s nos reunimos con gente de salud para conocer las medidas sanitarias\nque deb\u00edamos tomar\u201d.<\/p>\n\n\n\n<p>Fern\u00e1ndez explic\u00f3 que\nmantuvieron la distancia preventiva de 1,5 metros, usaron el barbijo y sin\ncontacto f\u00edsico, adem\u00e1s aclar\u00f3 que la reuni\u00f3n fue al aire libre, \u201cnosotros\nhicimos las cosas bien\u201d.<\/p>\n\n\n\n<p>Sobre la reuni\u00f3n de Daniel Sosa\ndijo que \u201cvinieron con ganas de escuchar, en t\u00e9rminos generales la reuni\u00f3n fue\nb\u00e1rbara\u201d se les manifest\u00f3 algunos reclamos como el env\u00edo de un m\u00f3vil al\nconurbano.<\/p>\n\n\n\n<figure class=\"wp-block-audio\"><audio controls src=\"blob:https:\/\/vocesdellangueyu.com.ar\/a31137e1-d250-4b0f-818e-6b5186cc9cd4\"><\/audio><figcaption>Luciano Fern\u00e1ndez, Concejales Frente de Todos<\/figcaption><\/figure>\n","protected":false},"excerpt":{"rendered":"<p>Luciano Fern\u00e1ndez, uno de los concejales del Frente de Todos que ayer se reunieron con el funcionario del Ministerio de Seguridad Daniel Sosa, explic\u00f3 que&nbsp; se cumplieron con todos los pasos que indica el protocolo por coronavirus \u201cEstuvimos con la visita de Daniel Sosa cumpliendo con los protocolos correspondientes a la situaci\u00f3n que estamos atravesando, [&hellip;]<\/p>\n","protected":false},"author":4,"featured_media":1152,"comment_status":"open","ping_status":"open","sticky":false,"template":"","format":"standard","meta":{"spay_email":"","jetpack_publicize_message":""},"categories":[16,17,11],"tags":[],"jetpack_featured_media_url":"https:\/\/vdl-dev.coodesoft.com.ar\/wp-content\/uploads\/2020\/09\/reunion-con-el-2.jpg","jetpack_publicize_connections":[],"jetpack_sharing_enabled":true,"jetpack_shortlink":"https:\/\/wp.me\/paQJuC-iz","_links":{"self":[{"href":"https:\/\/vdl-dev.coodesoft.com.ar\/index.php\/wp-json\/wp\/v2\/posts\/1151"}],"collection":[{"href":"https:\/\/vdl-dev.coodesoft.com.ar\/index.php\/wp-json\/wp\/v2\/posts"}],"about":[{"href":"https:\/\/vdl-dev.coodesoft.com.ar\/index.php\/wp-json\/wp\/v2\/types\/post"}],"author":[{"embeddable":true,"href":"https:\/\/vdl-dev.coodesoft.com.ar\/index.php\/wp-json\/wp\/v2\/users\/4"}],"replies":[{"embeddable":true,"href":"https:\/\/vdl-dev.coodesoft.com.ar\/index.php\/wp-json\/wp\/v2\/comments?post=1151"}],"version-history":[{"count":1,"href":"https:\/\/vdl-dev.coodesoft.com.ar\/index.php\/wp-json\/wp\/v2\/posts\/1151\/revisions"}],"predecessor-version":[{"id":1153,"href":"https:\/\/vdl-dev.coodesoft.com.ar\/index.php\/wp-json\/wp\/v2\/posts\/1151\/revisions\/1153"}],"wp:featuredmedia":[{"embeddable":true,"href":"https:\/\/vdl-dev.coodesoft.com.ar\/index.php\/wp-json\/wp\/v2\/media\/1152"}],"wp:attachment":[{"href":"https:\/\/vdl-dev.coodesoft.com.ar\/index.php\/wp-json\/wp\/v2\/media?parent=1151"}],"wp:term":[{"taxonomy":"category","embeddable":true,"href":"https:\/\/vdl-dev.coodesoft.com.ar\/index.php\/wp-json\/wp\/v2\/categories?post=1151"},{"taxonomy":"post_tag","embeddable":true,"href":"https:\/\/vdl-dev.coodesoft.com.ar\/index.php\/wp-json\/wp\/v2\/tags?post=1151"}],"curies":[{"name":"wp","href":"https:\/\/api.w.org\/{rel}","templated":true}]}}