{"id":1159,"date":"2020-09-17T13:17:31","date_gmt":"2020-09-17T16:17:31","guid":{"rendered":"http:\/\/vocesdellangueyu.com.ar\/?p=1159"},"modified":"2020-09-17T13:17:35","modified_gmt":"2020-09-17T16:17:35","slug":"tres-concejales-del-frente-de-todos-en-aislamiento-preventivo","status":"publish","type":"post","link":"https:\/\/vdl-dev.coodesoft.com.ar\/index.php\/2020\/09\/17\/tres-concejales-del-frente-de-todos-en-aislamiento-preventivo\/","title":{"rendered":"TRES CONCEJALES DEL FRENTE DE TODOS EN AISLAMIENTO PREVENTIVO"},"content":{"rendered":"\n<p>El titular del Sistema Municipal\nde Salud Juan Pedro Achaga explic\u00f3 en qu\u00e9 contexto se defini\u00f3 la realizaci\u00f3n\ndel aislamiento preventivo para los tres concejales del bloque del Frente de\nTodos que participaron de una reuni\u00f3n con un funcionario del Ministerio de\nSeguridad de la Provincia\nde Buenos Aires esta semana en Rauch.<\/p>\n\n\n\n<figure class=\"wp-block-audio\"><audio controls src=\"https:\/\/vocesdellangueyu.com.ar\/wp-content\/uploads\/2020\/09\/17-09-Achaga-primera-parte.mp3\"><\/audio><figcaption>Juan Pedro Achaga, Titular del Sistema de Salud Municipal<\/figcaption><\/figure>\n\n\n\n<figure class=\"wp-block-audio\"><audio controls src=\"https:\/\/vocesdellangueyu.com.ar\/wp-content\/uploads\/2020\/09\/17-09-Achaga-segunda-parte.mp3\"><\/audio><figcaption>Juan Pedro Achaga, Titular del Sistema de Salud Municipal<\/figcaption><\/figure>\n\n\n\n<p>Ratific\u00f3 que los ediles\nhab\u00edan tomado todos los recaudos sanitarios cumpliendo con lo que indica el\nprotocolo por el coronavirus (distanciamiento y uso de barbijo entre otras\ncosas), pero que se convino realizar la medida para \u201cevitar malos entendidos\u201d\npor la presunci\u00f3n de alg\u00fan privilegio&nbsp;\ndel que pudieran gozar por la funci\u00f3n que cumplen y \u201cporque ten\u00edan la\nabsoluta predisposici\u00f3n para hacer el aislamiento\u201d.<\/p>\n\n\n\n<p>\u201cNo hay privilegios, hemos\nllamado a todo el mundo, se ha hecho de punta a punta\u201d, se\u00f1al\u00f3 Achaga.<\/p>\n\n\n\n<p>La medida se extendi\u00f3 tambi\u00e9n\nal colega del portal ABC Rauch Dami\u00e1n Miguel, quien entrevist\u00f3 al funcionario.\nLa medida no se aplic\u00f3 para los efectivos policiales del Comando de Prevenci\u00f3n\nRural de Rauch, que tambi\u00e9n&nbsp; recibieron\nla visita del segundo en jerarqu\u00eda de la cartera que conduce Sergio Berni, \u201ccon\nla polic\u00eda no tenemos alcance\u201d, explic\u00f3 el funcionario<\/p>\n\n\n\n<p>Achaga anticip\u00f3 algunas\nmedidas que s e anunciar\u00e1n en las pr\u00f3ximas horas por autoridades de la Mesa de Emergencia Sanitaria\nlocal, relacionadas con los protocolos a implementar en nuestra ciudad en el\ncorto plazo, \u201cel cansancio psicol\u00f3gico de la gente es notable\u201d.<\/p>\n","protected":false},"excerpt":{"rendered":"<p>El titular del Sistema Municipal de Salud Juan Pedro Achaga explic\u00f3 en qu\u00e9 contexto se defini\u00f3 la realizaci\u00f3n del aislamiento preventivo para los tres concejales del bloque del Frente de Todos que participaron de una reuni\u00f3n con un funcionario del Ministerio de Seguridad de la Provincia de Buenos Aires esta semana en Rauch. Ratific\u00f3 que [&hellip;]<\/p>\n","protected":false},"author":4,"featured_media":1009,"comment_status":"open","ping_status":"open","sticky":false,"template":"","format":"standard","meta":{"spay_email":"","jetpack_publicize_message":""},"categories":[17,11],"tags":[],"jetpack_featured_media_url":"https:\/\/vdl-dev.coodesoft.com.ar\/wp-content\/uploads\/2020\/09\/achaga.jpeg","jetpack_publicize_connections":[],"jetpack_sharing_enabled":true,"jetpack_shortlink":"https:\/\/wp.me\/paQJuC-iH","_links":{"self":[{"href":"https:\/\/vdl-dev.coodesoft.com.ar\/index.php\/wp-json\/wp\/v2\/posts\/1159"}],"collection":[{"href":"https:\/\/vdl-dev.coodesoft.com.ar\/index.php\/wp-json\/wp\/v2\/posts"}],"about":[{"href":"https:\/\/vdl-dev.coodesoft.com.ar\/index.php\/wp-json\/wp\/v2\/types\/post"}],"author":[{"embeddable":true,"href":"https:\/\/vdl-dev.coodesoft.com.ar\/index.php\/wp-json\/wp\/v2\/users\/4"}],"replies":[{"embeddable":true,"href":"https:\/\/vdl-dev.coodesoft.com.ar\/index.php\/wp-json\/wp\/v2\/comments?post=1159"}],"version-history":[{"count":1,"href":"https:\/\/vdl-dev.coodesoft.com.ar\/index.php\/wp-json\/wp\/v2\/posts\/1159\/revisions"}],"predecessor-version":[{"id":1162,"href":"https:\/\/vdl-dev.coodesoft.com.ar\/index.php\/wp-json\/wp\/v2\/posts\/1159\/revisions\/1162"}],"wp:featuredmedia":[{"embeddable":true,"href":"https:\/\/vdl-dev.coodesoft.com.ar\/index.php\/wp-json\/wp\/v2\/media\/1009"}],"wp:attachment":[{"href":"https:\/\/vdl-dev.coodesoft.com.ar\/index.php\/wp-json\/wp\/v2\/media?parent=1159"}],"wp:term":[{"taxonomy":"category","embeddable":true,"href":"https:\/\/vdl-dev.coodesoft.com.ar\/index.php\/wp-json\/wp\/v2\/categories?post=1159"},{"taxonomy":"post_tag","embeddable":true,"href":"https:\/\/vdl-dev.coodesoft.com.ar\/index.php\/wp-json\/wp\/v2\/tags?post=1159"}],"curies":[{"name":"wp","href":"https:\/\/api.w.org\/{rel}","templated":true}]}}