{"id":1163,"date":"2020-09-17T13:27:45","date_gmt":"2020-09-17T16:27:45","guid":{"rendered":"http:\/\/vocesdellangueyu.com.ar\/?p=1163"},"modified":"2020-09-17T13:28:49","modified_gmt":"2020-09-17T16:28:49","slug":"concejales-en-aislamiento-preventivo-emilio-tisera-califico-de-chicana-politica-el-pedido-del-bloque-oficialista","status":"publish","type":"post","link":"https:\/\/vdl-dev.coodesoft.com.ar\/index.php\/2020\/09\/17\/concejales-en-aislamiento-preventivo-emilio-tisera-califico-de-chicana-politica-el-pedido-del-bloque-oficialista\/","title":{"rendered":"CONCEJALES EN AISLAMIENTO PREVENTIVO: EMILIO TISERA CALIFIC\u00d3 DE \u201cCHICANA POL\u00cdTICA\u201d EL PEDIDO DEL BLOQUE OFICIALISTA"},"content":{"rendered":"\n<p><\/p>\n\n\n\n<p>Emilio Tisera explic\u00f3 por qu\u00e9\ndecidieron recibir al funcionario del Ministerio de Seguridad de la Provincia, hecho por el\ncu\u00e1l desde ayer comenz\u00f3 a realizar el per\u00edodo de aislamiento por 14 d\u00edas, \u201cnos\npareci\u00f3 que ten\u00edamos que recibir al funcionario del Ministerio de Seguridad, no\npensamos que iba a pasar esta situaci\u00f3n\u201d.<\/p>\n\n\n\n<p>Tisera se refiri\u00f3 a c\u00f3mo tom\u00f3\nel pedido de aislamiento que realizaron los concejales de Cambiemos por ese\nencuentro<\/p>\n\n\n\n<p>\u201cHay que quitarle dramatismo a la situaci\u00f3n\u201d dijo, y sostiene que la solicitud no est\u00e1 vinculada a una preocupaci\u00f3n sanitaria, sino que se trata de una \u201cchicana\u201d pol\u00edtica, \u201ccreo que viene por ah\u00ed, estuviste con un funcionario de tu gobierno ahora bancate esta, creo que viene por ah\u00ed sinceramente. \u201d<\/p>\n\n\n\n<figure class=\"wp-block-audio\"><audio controls src=\"https:\/\/vocesdellangueyu.com.ar\/wp-content\/uploads\/2020\/09\/17-09-Tisera-segunda-parte.mp3\"><\/audio><figcaption>Emilio Tisera, Frente de Todos<\/figcaption><\/figure>\n","protected":false},"excerpt":{"rendered":"<p>Emilio Tisera explic\u00f3 por qu\u00e9 decidieron recibir al funcionario del Ministerio de Seguridad de la Provincia, hecho por el cu\u00e1l desde ayer comenz\u00f3 a realizar el per\u00edodo de aislamiento por 14 d\u00edas, \u201cnos pareci\u00f3 que ten\u00edamos que recibir al funcionario del Ministerio de Seguridad, no pensamos que iba a pasar esta situaci\u00f3n\u201d. Tisera se refiri\u00f3 [&hellip;]<\/p>\n","protected":false},"author":4,"featured_media":763,"comment_status":"open","ping_status":"open","sticky":false,"template":"","format":"standard","meta":{"spay_email":"","jetpack_publicize_message":""},"categories":[17,11],"tags":[],"jetpack_featured_media_url":"https:\/\/vdl-dev.coodesoft.com.ar\/wp-content\/uploads\/2020\/08\/TISERA-EMILIO.jpg","jetpack_publicize_connections":[],"jetpack_sharing_enabled":true,"jetpack_shortlink":"https:\/\/wp.me\/paQJuC-iL","_links":{"self":[{"href":"https:\/\/vdl-dev.coodesoft.com.ar\/index.php\/wp-json\/wp\/v2\/posts\/1163"}],"collection":[{"href":"https:\/\/vdl-dev.coodesoft.com.ar\/index.php\/wp-json\/wp\/v2\/posts"}],"about":[{"href":"https:\/\/vdl-dev.coodesoft.com.ar\/index.php\/wp-json\/wp\/v2\/types\/post"}],"author":[{"embeddable":true,"href":"https:\/\/vdl-dev.coodesoft.com.ar\/index.php\/wp-json\/wp\/v2\/users\/4"}],"replies":[{"embeddable":true,"href":"https:\/\/vdl-dev.coodesoft.com.ar\/index.php\/wp-json\/wp\/v2\/comments?post=1163"}],"version-history":[{"count":2,"href":"https:\/\/vdl-dev.coodesoft.com.ar\/index.php\/wp-json\/wp\/v2\/posts\/1163\/revisions"}],"predecessor-version":[{"id":1167,"href":"https:\/\/vdl-dev.coodesoft.com.ar\/index.php\/wp-json\/wp\/v2\/posts\/1163\/revisions\/1167"}],"wp:featuredmedia":[{"embeddable":true,"href":"https:\/\/vdl-dev.coodesoft.com.ar\/index.php\/wp-json\/wp\/v2\/media\/763"}],"wp:attachment":[{"href":"https:\/\/vdl-dev.coodesoft.com.ar\/index.php\/wp-json\/wp\/v2\/media?parent=1163"}],"wp:term":[{"taxonomy":"category","embeddable":true,"href":"https:\/\/vdl-dev.coodesoft.com.ar\/index.php\/wp-json\/wp\/v2\/categories?post=1163"},{"taxonomy":"post_tag","embeddable":true,"href":"https:\/\/vdl-dev.coodesoft.com.ar\/index.php\/wp-json\/wp\/v2\/tags?post=1163"}],"curies":[{"name":"wp","href":"https:\/\/api.w.org\/{rel}","templated":true}]}}