{"id":1168,"date":"2020-09-18T16:20:09","date_gmt":"2020-09-18T19:20:09","guid":{"rendered":"http:\/\/vocesdellangueyu.com.ar\/?p=1168"},"modified":"2020-09-18T16:20:14","modified_gmt":"2020-09-18T19:20:14","slug":"el-periodista-damian-miguel-denuncia-abuso-de-autoridad-en-la-decision-que-lo-dejo-en-aislamiento-y-salio-al-cruce-el-secretario-de-planificacion-del-municipio","status":"publish","type":"post","link":"https:\/\/vdl-dev.coodesoft.com.ar\/index.php\/2020\/09\/18\/el-periodista-damian-miguel-denuncia-abuso-de-autoridad-en-la-decision-que-lo-dejo-en-aislamiento-y-salio-al-cruce-el-secretario-de-planificacion-del-municipio\/","title":{"rendered":"EL PERIODISTA DAMI\u00c1N MIGUEL DENUNCIA \u201cABUSO DE AUTORIDAD\u201d EN LA DECISI\u00d3N QUE LO DEJ\u00d3 EN AISLAMIENTO, Y SALI\u00d3 AL CRUCE EL SECRETARIO DE PLANIFICACI\u00d3N DEL MUNICIPIO"},"content":{"rendered":"\n<figure class=\"wp-block-audio\"><audio controls src=\"https:\/\/vocesdellangueyu.com.ar\/wp-content\/uploads\/2020\/09\/18-09-Damian-Miguel-primera-parte.mp3\"><\/audio><figcaption>Dami\u00e1n Miguel, Periodista<\/figcaption><\/figure>\n\n\n\n<figure class=\"wp-block-audio\"><audio controls src=\"https:\/\/vocesdellangueyu.com.ar\/wp-content\/uploads\/2020\/09\/18-09-Ibargoyen-cuarta-parte.mp3\"><\/audio><figcaption>Mario Ibargoyen, Secretario de Planificaci\u00f3n del Municipio<\/figcaption><\/figure>\n\n\n\n<p>El periodista Dami\u00e1n Miguel,\ndel portal ABC Rauch, quien se encuentra cumpliendo aislamiento preventivo en\nel marco del protocolo por coronavirus, consider\u00f3&nbsp; que la decisi\u00f3n que las autoridades del \u00e1rea\nde Salud del Municipio tomaron \u201ces un abuso de autoridad\u201d m\u00e1s que una medida\ntendiente a resguardar la seguridad sanitaria por la pandemia.<\/p>\n\n\n\n<p>Miguel fue el comunicador que\nentrevist\u00f3 a Daniel Sosa, funcionario del Ministerio de Seguridad de la\nProvincia de Buenos Aires que visit\u00f3 Rauch esta semana, que proviene de una\nciudad con circulaci\u00f3n comunitaria del virus, hecho por el cual tambi\u00e9n cumplen\ncon la medida de restricci\u00f3n la presidenta del bloque de concejales del Frente\nde Todos Mar\u00eda Lamarche y sus pares de bancada Emilio Tisera y Luciano\nFern\u00e1ndez, quienes tambi\u00e9n tomaron contacto con el segundo de la cartera que\nconduce Sergio Berni.<\/p>\n\n\n\n<p>Miguel coment\u00f3 que el\nDirector del hospital le comunic\u00f3 por whatsApp que deb\u00eda hacer el aislamiento y\nsupon\u00eda que no hab\u00eda guardado el distanciamiento social correspondiente, \u201ces\nuna aislamiento caprichoso, me afecta a m\u00ed solo pero no afecta al personal de\ncomando de destacamento vial y prevenci\u00f3n rural con los que tambi\u00e9n\nestuvieron\u201d.<\/p>\n\n\n\n<p>El decreto nacional se\u00f1ala al\nperiodismo como actividad esencial, \u201clo entiendo como un abuso de autoridad\u201d.<\/p>\n\n\n\n<p>El periodista dice que \u201cno tiene\nning\u00fan asidero\u201d y que no hay nada que justifique la determinaci\u00f3n y que analiza\nplantear formalmente alg\u00fan recurso legal para modificarla. <\/p>\n\n\n\n<p>Miguel dijo que se encuentra\nrealizando el aislamiento aunque no le lleg\u00f3 ninguna comunicaci\u00f3n oficial.<\/p>\n\n\n\n<p>Mario Ibargoyen, Secretario\nde Planificaci\u00f3n del Municipio brind\u00f3 la mirada del Gobierno en torno a la\nvisita de un funcionario del Ministerio de Seguridad esta semana, y que termin\u00f3\ncon el aislamiento de tres concejales de la oposici\u00f3n y de un periodista<\/p>\n\n\n\n<p>Ibargoyen dijo que no puede\ncalificarse como abuso de autoridad la decisi\u00f3n de aislar al comunicador<\/p>\n","protected":false},"excerpt":{"rendered":"<p>El periodista Dami\u00e1n Miguel, del portal ABC Rauch, quien se encuentra cumpliendo aislamiento preventivo en el marco del protocolo por coronavirus, consider\u00f3&nbsp; que la decisi\u00f3n que las autoridades del \u00e1rea de Salud del Municipio tomaron \u201ces un abuso de autoridad\u201d m\u00e1s que una medida tendiente a resguardar la seguridad sanitaria por la pandemia. Miguel fue [&hellip;]<\/p>\n","protected":false},"author":4,"featured_media":1170,"comment_status":"open","ping_status":"open","sticky":false,"template":"","format":"standard","meta":{"spay_email":"","jetpack_publicize_message":""},"categories":[17,11,13],"tags":[],"jetpack_featured_media_url":"https:\/\/vdl-dev.coodesoft.com.ar\/wp-content\/uploads\/2020\/09\/damian-miguel.jpeg","jetpack_publicize_connections":[],"jetpack_sharing_enabled":true,"jetpack_shortlink":"https:\/\/wp.me\/paQJuC-iQ","_links":{"self":[{"href":"https:\/\/vdl-dev.coodesoft.com.ar\/index.php\/wp-json\/wp\/v2\/posts\/1168"}],"collection":[{"href":"https:\/\/vdl-dev.coodesoft.com.ar\/index.php\/wp-json\/wp\/v2\/posts"}],"about":[{"href":"https:\/\/vdl-dev.coodesoft.com.ar\/index.php\/wp-json\/wp\/v2\/types\/post"}],"author":[{"embeddable":true,"href":"https:\/\/vdl-dev.coodesoft.com.ar\/index.php\/wp-json\/wp\/v2\/users\/4"}],"replies":[{"embeddable":true,"href":"https:\/\/vdl-dev.coodesoft.com.ar\/index.php\/wp-json\/wp\/v2\/comments?post=1168"}],"version-history":[{"count":1,"href":"https:\/\/vdl-dev.coodesoft.com.ar\/index.php\/wp-json\/wp\/v2\/posts\/1168\/revisions"}],"predecessor-version":[{"id":1172,"href":"https:\/\/vdl-dev.coodesoft.com.ar\/index.php\/wp-json\/wp\/v2\/posts\/1168\/revisions\/1172"}],"wp:featuredmedia":[{"embeddable":true,"href":"https:\/\/vdl-dev.coodesoft.com.ar\/index.php\/wp-json\/wp\/v2\/media\/1170"}],"wp:attachment":[{"href":"https:\/\/vdl-dev.coodesoft.com.ar\/index.php\/wp-json\/wp\/v2\/media?parent=1168"}],"wp:term":[{"taxonomy":"category","embeddable":true,"href":"https:\/\/vdl-dev.coodesoft.com.ar\/index.php\/wp-json\/wp\/v2\/categories?post=1168"},{"taxonomy":"post_tag","embeddable":true,"href":"https:\/\/vdl-dev.coodesoft.com.ar\/index.php\/wp-json\/wp\/v2\/tags?post=1168"}],"curies":[{"name":"wp","href":"https:\/\/api.w.org\/{rel}","templated":true}]}}