{"id":1174,"date":"2020-09-18T16:51:05","date_gmt":"2020-09-18T19:51:05","guid":{"rendered":"http:\/\/vocesdellangueyu.com.ar\/?p=1174"},"modified":"2020-09-18T16:51:10","modified_gmt":"2020-09-18T19:51:10","slug":"covid-19-autorizan-mas-actividades-deportivas-y-culturales","status":"publish","type":"post","link":"https:\/\/vdl-dev.coodesoft.com.ar\/index.php\/2020\/09\/18\/covid-19-autorizan-mas-actividades-deportivas-y-culturales\/","title":{"rendered":"COVID- 19: AUTORIZAN M\u00c1S ACTIVIDADES DEPORTIVAS Y CULTURALES"},"content":{"rendered":"\n<p>Mario Ibargoyen, Secretario\nde Planificaci\u00f3n del Municipio, ampli\u00f3 detalles sobre las medidas adoptadas por\nla Mesa de Emergencia Sanitaria local y que fueron anunciadas ayer.<\/p>\n\n\n\n<figure class=\"wp-block-audio\"><audio controls src=\"https:\/\/vocesdellangueyu.com.ar\/wp-content\/uploads\/2020\/09\/18-09-Ibargoyen-primera-parte.mp3\"><\/audio><figcaption>Mario Ibargoyen, Secretario de Planificaci\u00f3n del Municipio<\/figcaption><\/figure>\n\n\n\n<figure class=\"wp-block-audio\"><audio controls src=\"https:\/\/vocesdellangueyu.com.ar\/wp-content\/uploads\/2020\/09\/18-09-Ibargoyen-segunda-parte.mp3\"><\/audio><figcaption>Mario Ibargoyen, Secretario de Planificaci\u00f3n del MNunicipio<\/figcaption><\/figure>\n\n\n\n<p>Se trata de la posibilidad de\ncomenzar con las clases de las agrupaciones folkl\u00f3ricas y de las pr\u00e1cticas en\ndeportes como el f\u00fatbol y el hockey desde el pr\u00f3ximo lunes.<\/p>\n\n\n\n<p>Ibargoyen dijo que est\u00e1n\ntratando de \u201cir normalizando todo lo que se pueda sin perder el eje principal\nque es lo sanitario, esta no significa que n os tengamos que relajar\u201d.<\/p>\n\n\n\n<p>\u201cSon peque\u00f1os avances que\nhacen a un avance mayor, son una sumatoria de cosas para darle movimiento a un\nsector de la econom\u00eda que ha sentido un impacto muy grande en esta pandemia,\nseguimos trabajando en los controles y los recaudos\u201d.<\/p>\n\n\n\n<p>En cuanto a la situaci\u00f3n de\nlos prestadores de servicios de eventos sociales, con quienes se reunieron esta\nsemana, el funcionario mencion\u00f3 las complejidades que se presentan con un\nsector que no ha podido trabajar desde marzo.<\/p>\n\n\n\n<p>\u201cEst\u00e1 abierto en muchas\nl\u00edneas de an\u00e1lisis de cuales puede ser la ayuda, es un sector muy complicado en\ndiferentes sentidos porque durante mucho tiempo no han podido hacer nada,\npodremos intentar respuestas parciales pero hasta que no tome el carril de\nfondo no va a ser f\u00e1cil. Algunos subsidios se han planteado y se han entregado\npero es una respuesta muy acotada y no alcanza\u201d.<\/p>\n\n\n\n<p>Ibargoyen destac\u00f3 los cambios\nen los protocolos para hacer m\u00e1s flexibles las medidas de restricci\u00f3n para los\ntransportistas<\/p>\n","protected":false},"excerpt":{"rendered":"<p>Mario Ibargoyen, Secretario de Planificaci\u00f3n del Municipio, ampli\u00f3 detalles sobre las medidas adoptadas por la Mesa de Emergencia Sanitaria local y que fueron anunciadas ayer. Se trata de la posibilidad de comenzar con las clases de las agrupaciones folkl\u00f3ricas y de las pr\u00e1cticas en deportes como el f\u00fatbol y el hockey desde el pr\u00f3ximo lunes. [&hellip;]<\/p>\n","protected":false},"author":4,"featured_media":458,"comment_status":"open","ping_status":"open","sticky":false,"template":"","format":"standard","meta":{"spay_email":"","jetpack_publicize_message":""},"categories":[17,11],"tags":[],"jetpack_featured_media_url":"https:\/\/vdl-dev.coodesoft.com.ar\/wp-content\/uploads\/2020\/06\/ibargoyen.jpg","jetpack_publicize_connections":[],"jetpack_sharing_enabled":true,"jetpack_shortlink":"https:\/\/wp.me\/paQJuC-iW","_links":{"self":[{"href":"https:\/\/vdl-dev.coodesoft.com.ar\/index.php\/wp-json\/wp\/v2\/posts\/1174"}],"collection":[{"href":"https:\/\/vdl-dev.coodesoft.com.ar\/index.php\/wp-json\/wp\/v2\/posts"}],"about":[{"href":"https:\/\/vdl-dev.coodesoft.com.ar\/index.php\/wp-json\/wp\/v2\/types\/post"}],"author":[{"embeddable":true,"href":"https:\/\/vdl-dev.coodesoft.com.ar\/index.php\/wp-json\/wp\/v2\/users\/4"}],"replies":[{"embeddable":true,"href":"https:\/\/vdl-dev.coodesoft.com.ar\/index.php\/wp-json\/wp\/v2\/comments?post=1174"}],"version-history":[{"count":1,"href":"https:\/\/vdl-dev.coodesoft.com.ar\/index.php\/wp-json\/wp\/v2\/posts\/1174\/revisions"}],"predecessor-version":[{"id":1177,"href":"https:\/\/vdl-dev.coodesoft.com.ar\/index.php\/wp-json\/wp\/v2\/posts\/1174\/revisions\/1177"}],"wp:featuredmedia":[{"embeddable":true,"href":"https:\/\/vdl-dev.coodesoft.com.ar\/index.php\/wp-json\/wp\/v2\/media\/458"}],"wp:attachment":[{"href":"https:\/\/vdl-dev.coodesoft.com.ar\/index.php\/wp-json\/wp\/v2\/media?parent=1174"}],"wp:term":[{"taxonomy":"category","embeddable":true,"href":"https:\/\/vdl-dev.coodesoft.com.ar\/index.php\/wp-json\/wp\/v2\/categories?post=1174"},{"taxonomy":"post_tag","embeddable":true,"href":"https:\/\/vdl-dev.coodesoft.com.ar\/index.php\/wp-json\/wp\/v2\/tags?post=1174"}],"curies":[{"name":"wp","href":"https:\/\/api.w.org\/{rel}","templated":true}]}}