{"id":1179,"date":"2020-09-21T16:32:46","date_gmt":"2020-09-21T19:32:46","guid":{"rendered":"http:\/\/vocesdellangueyu.com.ar\/?p=1179"},"modified":"2020-09-21T16:32:50","modified_gmt":"2020-09-21T19:32:50","slug":"trabajadores-de-la-salud-realizaran-un-abrazo-simbolico-al-hospital-municipal","status":"publish","type":"post","link":"https:\/\/vdl-dev.coodesoft.com.ar\/index.php\/2020\/09\/21\/trabajadores-de-la-salud-realizaran-un-abrazo-simbolico-al-hospital-municipal\/","title":{"rendered":"TRABAJADORES DE LA SALUD REALIZAR\u00c1N UN ABRAZO SIMB\u00d3LICO AL HOSPITAL MUNICIPAL"},"content":{"rendered":"\n<figure class=\"wp-block-audio\"><audio controls src=\"https:\/\/vocesdellangueyu.com.ar\/wp-content\/uploads\/2020\/09\/21-09-Dublanc-primera-parte0.mp3\"><\/audio><figcaption>Esther Dublac, enfermera<\/figcaption><\/figure>\n\n\n\n<p>Esta noche desde las 21 horas se movilizar\u00e1n los trabajadores de la\nsalud de nuestra ciudad, impulsados por quienes se desempe\u00f1an en el servicio de\nEnfermer\u00eda, realizando un abrazo simb\u00f3lico al Hospital Municipal local.<\/p>\n\n\n\n<p>Ser\u00e1 en coincidencia con el D\u00eda de la Sanidad \u2013que se conmemora hoy- y\nen se\u00f1al de acompa\u00f1amiento a una manifestaci\u00f3n que se realizar\u00e1 en todo el pa\u00eds\ncon el objetivo de plantear los reclamos por mejores condiciones de trabajo y\nprovisi\u00f3n de insumos, en especial para lugares donde se encuentran saturados\npor la pandemia por el coronavirus.<\/p>\n\n\n\n<p>Esther Dublanc, una de las responsables del servicio de Enfermer\u00eda del\nnosocomio local, brind\u00f3 los detalles \u201cHace dos a\u00f1os se convoc\u00f3 a nivel nacional\nuna marcha de enfermer\u00eda, hoy en el d\u00eda de la sanidad se vuelve a convocar por\nla situaci\u00f3n en la que trabajan los enfermeros en los hospitales con pacientes\nCOVID, ya ven\u00edan con falencia a nivel de sueldos, categorizaciones, muchos contratados,\nes a nivel nacional. En Rauch vamos a realizar un abrazo simb\u00f3lico al hospital\nlocal\u201d.<\/p>\n\n\n\n<p>Dublanc expuso cu\u00e1les son las sensaciones de las y los trabajadores\ndel sector en \u00e9poca de pandemia, \u201ctuvimos que reaprender y reforzar muchos de\nlos conocimientos que ten\u00edamos, no ha puesto en una situaci\u00f3n delicada, tuvimos\nque aprender a convivir con la espera, a manejar la angustia, tenemos una\nsensaci\u00f3n de temor porque es una enfermedad nueva\u201d.<\/p>\n","protected":false},"excerpt":{"rendered":"<p>Esta noche desde las 21 horas se movilizar\u00e1n los trabajadores de la salud de nuestra ciudad, impulsados por quienes se desempe\u00f1an en el servicio de Enfermer\u00eda, realizando un abrazo simb\u00f3lico al Hospital Municipal local. Ser\u00e1 en coincidencia con el D\u00eda de la Sanidad \u2013que se conmemora hoy- y en se\u00f1al de acompa\u00f1amiento a una manifestaci\u00f3n [&hellip;]<\/p>\n","protected":false},"author":4,"featured_media":1180,"comment_status":"open","ping_status":"open","sticky":false,"template":"","format":"standard","meta":{"spay_email":"","jetpack_publicize_message":""},"categories":[17,11],"tags":[],"jetpack_featured_media_url":"https:\/\/vdl-dev.coodesoft.com.ar\/wp-content\/uploads\/2020\/09\/dublac.jpeg","jetpack_publicize_connections":[],"jetpack_sharing_enabled":true,"jetpack_shortlink":"https:\/\/wp.me\/paQJuC-j1","_links":{"self":[{"href":"https:\/\/vdl-dev.coodesoft.com.ar\/index.php\/wp-json\/wp\/v2\/posts\/1179"}],"collection":[{"href":"https:\/\/vdl-dev.coodesoft.com.ar\/index.php\/wp-json\/wp\/v2\/posts"}],"about":[{"href":"https:\/\/vdl-dev.coodesoft.com.ar\/index.php\/wp-json\/wp\/v2\/types\/post"}],"author":[{"embeddable":true,"href":"https:\/\/vdl-dev.coodesoft.com.ar\/index.php\/wp-json\/wp\/v2\/users\/4"}],"replies":[{"embeddable":true,"href":"https:\/\/vdl-dev.coodesoft.com.ar\/index.php\/wp-json\/wp\/v2\/comments?post=1179"}],"version-history":[{"count":1,"href":"https:\/\/vdl-dev.coodesoft.com.ar\/index.php\/wp-json\/wp\/v2\/posts\/1179\/revisions"}],"predecessor-version":[{"id":1182,"href":"https:\/\/vdl-dev.coodesoft.com.ar\/index.php\/wp-json\/wp\/v2\/posts\/1179\/revisions\/1182"}],"wp:featuredmedia":[{"embeddable":true,"href":"https:\/\/vdl-dev.coodesoft.com.ar\/index.php\/wp-json\/wp\/v2\/media\/1180"}],"wp:attachment":[{"href":"https:\/\/vdl-dev.coodesoft.com.ar\/index.php\/wp-json\/wp\/v2\/media?parent=1179"}],"wp:term":[{"taxonomy":"category","embeddable":true,"href":"https:\/\/vdl-dev.coodesoft.com.ar\/index.php\/wp-json\/wp\/v2\/categories?post=1179"},{"taxonomy":"post_tag","embeddable":true,"href":"https:\/\/vdl-dev.coodesoft.com.ar\/index.php\/wp-json\/wp\/v2\/tags?post=1179"}],"curies":[{"name":"wp","href":"https:\/\/api.w.org\/{rel}","templated":true}]}}