{"id":1183,"date":"2020-09-21T16:40:42","date_gmt":"2020-09-21T19:40:42","guid":{"rendered":"http:\/\/vocesdellangueyu.com.ar\/?p=1183"},"modified":"2020-09-21T16:40:46","modified_gmt":"2020-09-21T19:40:46","slug":"prestadores-de-servicios-en-eventos-sociales-transmitieron-sus-inquietudes-a-legisladoras-provinciales","status":"publish","type":"post","link":"https:\/\/vdl-dev.coodesoft.com.ar\/index.php\/2020\/09\/21\/prestadores-de-servicios-en-eventos-sociales-transmitieron-sus-inquietudes-a-legisladoras-provinciales\/","title":{"rendered":"PRESTADORES DE SERVICIOS EN EVENTOS SOCIALES TRANSMITIERON SUS INQUIETUDES A LEGISLADORAS PROVINCIALES"},"content":{"rendered":"\n<p>A partir de una\ncomunicaci\u00f3n virtual generada por los concejales del bloque de Cambiemos,\nrepresentantes de las empresas que prestan servicios en los eventos sociales de\nnuestra ciudad, plantearon su problem\u00e1tica ante dos diputadas provinciales de\nJuntos por el Cambio.<\/p>\n\n\n\n<figure class=\"wp-block-audio\"><audio controls src=\"https:\/\/vocesdellangueyu.com.ar\/wp-content\/uploads\/2020\/09\/21-09-Zudaire-primera-parte0.mp3\"><\/audio><figcaption>Leandro Zudaire, Concejal Cambiemos<\/figcaption><\/figure>\n\n\n\n<p>El encuentro se produjo el\n\u00faltimo viernes, y fueron las diputadas provinciales por la 5ta secci\u00f3n Melisa\nGrieco (Tandil) y Johanna Panebianco (Mar del Plata) las que escucharon a los\ntrabajadores del sector de nuestra ciudad y de Tandil, quienes describieron \u201cla\ndif\u00edcil situaci\u00f3n que est\u00e1n atravesando\u201d seg\u00fan informaron los propios ediles\ndel oficialismo en las redes sociales.<\/p>\n\n\n\n<p>El concejal Leandro Zudaire\nsintetiz\u00f3 los principales aspectos que comprendi\u00f3 la comunicaci\u00f3n \u201cla reuni\u00f3n\nse gener\u00f3 luego de la reuni\u00f3n que tuvimos con los representantes de los\nprestadores de servicios de eventos sociales, lo que plante\u00f3 fue la situaci\u00f3n\ndel sector, escucharlos\u201d.<\/p>\n\n\n\n<p>Zudaire expres\u00f3 que la\nintenci\u00f3n principal fue la de visibilizar la situaci\u00f3n que atraviesan los\nactores de este sector de la econom\u00eda que se encuentra paralizada desde marzo.<\/p>\n\n\n\n<p>\u201cLos pasos a seguir es\nvisibilizar a los prestadores de este servicio, no es solo en Rauch que la\nactividad est\u00e1 parada, tambi\u00e9n presentar alguna declaratoria provincial para\nque se tenga en cuenta\u201d.<\/p>\n\n\n\n<p>Las alternativas que se\nbarajan, ante la imposibilidad de reanudar las actividades sociales en el corto\nplazo, son las de llegar con alg\u00fan tipo de acompa\u00f1amiento econ\u00f3mico por parte\nde Naci\u00f3n y Provincia para paliar la coyuntura econ\u00f3mica actual que es\nacuciante en muchos casos.<\/p>\n\n\n\n<p>El concejal del oficialismo\ndijo desconocer si se hab\u00eda avanzado con el pedido de ayuda que los proveedores\nrealizaron al Municipio durante los \u00faltimos d\u00edas.<\/p>\n","protected":false},"excerpt":{"rendered":"<p>A partir de una comunicaci\u00f3n virtual generada por los concejales del bloque de Cambiemos, representantes de las empresas que prestan servicios en los eventos sociales de nuestra ciudad, plantearon su problem\u00e1tica ante dos diputadas provinciales de Juntos por el Cambio. El encuentro se produjo el \u00faltimo viernes, y fueron las diputadas provinciales por la 5ta [&hellip;]<\/p>\n","protected":false},"author":4,"featured_media":1184,"comment_status":"open","ping_status":"open","sticky":false,"template":"","format":"standard","meta":{"spay_email":"","jetpack_publicize_message":""},"categories":[17,11,13],"tags":[],"jetpack_featured_media_url":"https:\/\/vdl-dev.coodesoft.com.ar\/wp-content\/uploads\/2020\/09\/reunion-web.jpeg","jetpack_publicize_connections":[],"jetpack_sharing_enabled":true,"jetpack_shortlink":"https:\/\/wp.me\/paQJuC-j5","_links":{"self":[{"href":"https:\/\/vdl-dev.coodesoft.com.ar\/index.php\/wp-json\/wp\/v2\/posts\/1183"}],"collection":[{"href":"https:\/\/vdl-dev.coodesoft.com.ar\/index.php\/wp-json\/wp\/v2\/posts"}],"about":[{"href":"https:\/\/vdl-dev.coodesoft.com.ar\/index.php\/wp-json\/wp\/v2\/types\/post"}],"author":[{"embeddable":true,"href":"https:\/\/vdl-dev.coodesoft.com.ar\/index.php\/wp-json\/wp\/v2\/users\/4"}],"replies":[{"embeddable":true,"href":"https:\/\/vdl-dev.coodesoft.com.ar\/index.php\/wp-json\/wp\/v2\/comments?post=1183"}],"version-history":[{"count":1,"href":"https:\/\/vdl-dev.coodesoft.com.ar\/index.php\/wp-json\/wp\/v2\/posts\/1183\/revisions"}],"predecessor-version":[{"id":1186,"href":"https:\/\/vdl-dev.coodesoft.com.ar\/index.php\/wp-json\/wp\/v2\/posts\/1183\/revisions\/1186"}],"wp:featuredmedia":[{"embeddable":true,"href":"https:\/\/vdl-dev.coodesoft.com.ar\/index.php\/wp-json\/wp\/v2\/media\/1184"}],"wp:attachment":[{"href":"https:\/\/vdl-dev.coodesoft.com.ar\/index.php\/wp-json\/wp\/v2\/media?parent=1183"}],"wp:term":[{"taxonomy":"category","embeddable":true,"href":"https:\/\/vdl-dev.coodesoft.com.ar\/index.php\/wp-json\/wp\/v2\/categories?post=1183"},{"taxonomy":"post_tag","embeddable":true,"href":"https:\/\/vdl-dev.coodesoft.com.ar\/index.php\/wp-json\/wp\/v2\/tags?post=1183"}],"curies":[{"name":"wp","href":"https:\/\/api.w.org\/{rel}","templated":true}]}}