{"id":1188,"date":"2020-09-21T16:54:08","date_gmt":"2020-09-21T19:54:08","guid":{"rendered":"http:\/\/vocesdellangueyu.com.ar\/?p=1188"},"modified":"2020-09-21T16:54:11","modified_gmt":"2020-09-21T19:54:11","slug":"el-hospital-de-rauch-ya-cuenta-con-un-nuevo-respirador","status":"publish","type":"post","link":"https:\/\/vdl-dev.coodesoft.com.ar\/index.php\/2020\/09\/21\/el-hospital-de-rauch-ya-cuenta-con-un-nuevo-respirador\/","title":{"rendered":"EL HOSPITAL DE RAUCH YA CUENTA CON UN NUEVO RESPIRADOR"},"content":{"rendered":"\n<p>Esta ma\u00f1ana, en el d\u00eda que se conmemora el D\u00eda de la Sanidad, se\nrealiz\u00f3 la presentaci\u00f3n del nuevo respirador que se utilizar\u00e1 en el Hospital\nMunicipal \u201cEustoquio D\u00edaz Velez\u201d, y que fue adquirido con fondos que aport\u00f3 el\nC\u00edrculo de M\u00e9dicos Veterinarios de nuestra ciudad.<\/p>\n\n\n\n<p>El acto, que se realiz\u00f3 en el sector de la Sala de Guardia, fue\nencabezado por el Intendente Municipal Maximiliano Suescun y funcionarios del\ngabinete, entre ellos, las principales autoridades del nosocomio local como\nJuan Pedro Achaga, Rosana Velez y los responsables del \u00e1rea administrativa.<\/p>\n\n\n\n<p>Por el C\u00edrculo de Veterinarios, estuvieron su titular Jorge Quintana y\nSebasti\u00e1n Atela.<\/p>\n\n\n\n<p>El nuevo respirador tuvo un costo total de alrededor de 930 mil pesos,\ny se suma a la compra que en su momento se hizo \u2013tambi\u00e9n con fondos que colect\u00f3\nla Cooperadora del nosocomio- de un aparato de rayos X m\u00f3vil, que demand\u00f3 una\ninversi\u00f3n de algo m\u00e1s de 1,8 millones de pesos.<\/p>\n\n\n\n<p>Tambi\u00e9n particip\u00f3 de la ceremonia Laura Valenzuela, Licenciada en\nEnfermer\u00eda, quien valor\u00f3 la incorporaci\u00f3n del aparato, y aprovech\u00f3 para\nanticipar detalles de la movilizaci\u00f3n que esta noche se realizar\u00e1 para\nvisibilizar las carencias y dificultades que tiene el personal del sistema\nsanitario a nivel nacional, en especial en los lugares donde los casos de\ncoronavirus est\u00e1 haciendo colapsar el servicio.<\/p>\n\n\n\n<p>En Rauch la manifestaci\u00f3n ser\u00e1 con un abrazo simb\u00f3lico que se\nrealizar\u00e1 esta noche desde las 21 horas en el Hospital Municipal.<\/p>\n\n\n\n<p>El Intendente Maximiliano Suescun destac\u00f3 la \u201cexcepcionalidad de ser\nrauchense\u201d que en esta situaci\u00f3n en la que vivimos \u201caflora la solidaridad y\nvenimos avanzando de manera notable en nuestro sistema de salud\u201d.<\/p>\n\n\n\n<p>Sebasti\u00e1n Atela del Circulo de M\u00e9dicos Veterinarios agradeci\u00f3 a la\nciudadan\u00eda por la colaboraci\u00f3n en la campa\u00f1a y a&nbsp; las instituciones locales que apoyaron el\nproyecto.<\/p>\n\n\n\n<p>Laura Valenzuela, enfermera dijo que para el personal m\u00e9dico y de\nenfermer\u00eda es \u201cmuy importante\u201d la incorporaci\u00f3n de este aparato de alta\ntecnolog\u00eda.<\/p>\n\n\n\n<p>Jorge Quintana, Presidente del C\u00edrculo de M\u00e9dicos Veterinarios \u201cLa empresa que nos vendi\u00f3 el respirador ya era proveedora del hospital, se consult\u00f3 al terapista y nos dio el ok. Es la misma marca que los otros tres respiradores\u201d. \u201cLa plata la ten\u00edamos el problema fue que aumentaron los precios en el trayecto de la campa\u00f1a&#8221;. <\/p>\n","protected":false},"excerpt":{"rendered":"<p>Esta ma\u00f1ana, en el d\u00eda que se conmemora el D\u00eda de la Sanidad, se realiz\u00f3 la presentaci\u00f3n del nuevo respirador que se utilizar\u00e1 en el Hospital Municipal \u201cEustoquio D\u00edaz Velez\u201d, y que fue adquirido con fondos que aport\u00f3 el C\u00edrculo de M\u00e9dicos Veterinarios de nuestra ciudad. El acto, que se realiz\u00f3 en el sector de [&hellip;]<\/p>\n","protected":false},"author":4,"featured_media":1189,"comment_status":"open","ping_status":"open","sticky":false,"template":"","format":"standard","meta":{"spay_email":"","jetpack_publicize_message":""},"categories":[17,11,13],"tags":[],"jetpack_featured_media_url":"https:\/\/vdl-dev.coodesoft.com.ar\/wp-content\/uploads\/2020\/09\/Respirador-Hospital.jpg","jetpack_publicize_connections":[],"jetpack_sharing_enabled":true,"jetpack_shortlink":"https:\/\/wp.me\/paQJuC-ja","_links":{"self":[{"href":"https:\/\/vdl-dev.coodesoft.com.ar\/index.php\/wp-json\/wp\/v2\/posts\/1188"}],"collection":[{"href":"https:\/\/vdl-dev.coodesoft.com.ar\/index.php\/wp-json\/wp\/v2\/posts"}],"about":[{"href":"https:\/\/vdl-dev.coodesoft.com.ar\/index.php\/wp-json\/wp\/v2\/types\/post"}],"author":[{"embeddable":true,"href":"https:\/\/vdl-dev.coodesoft.com.ar\/index.php\/wp-json\/wp\/v2\/users\/4"}],"replies":[{"embeddable":true,"href":"https:\/\/vdl-dev.coodesoft.com.ar\/index.php\/wp-json\/wp\/v2\/comments?post=1188"}],"version-history":[{"count":1,"href":"https:\/\/vdl-dev.coodesoft.com.ar\/index.php\/wp-json\/wp\/v2\/posts\/1188\/revisions"}],"predecessor-version":[{"id":1190,"href":"https:\/\/vdl-dev.coodesoft.com.ar\/index.php\/wp-json\/wp\/v2\/posts\/1188\/revisions\/1190"}],"wp:featuredmedia":[{"embeddable":true,"href":"https:\/\/vdl-dev.coodesoft.com.ar\/index.php\/wp-json\/wp\/v2\/media\/1189"}],"wp:attachment":[{"href":"https:\/\/vdl-dev.coodesoft.com.ar\/index.php\/wp-json\/wp\/v2\/media?parent=1188"}],"wp:term":[{"taxonomy":"category","embeddable":true,"href":"https:\/\/vdl-dev.coodesoft.com.ar\/index.php\/wp-json\/wp\/v2\/categories?post=1188"},{"taxonomy":"post_tag","embeddable":true,"href":"https:\/\/vdl-dev.coodesoft.com.ar\/index.php\/wp-json\/wp\/v2\/tags?post=1188"}],"curies":[{"name":"wp","href":"https:\/\/api.w.org\/{rel}","templated":true}]}}