{"id":1192,"date":"2020-09-22T16:47:30","date_gmt":"2020-09-22T19:47:30","guid":{"rendered":"http:\/\/vocesdellangueyu.com.ar\/?p=1192"},"modified":"2020-09-22T17:01:32","modified_gmt":"2020-09-22T20:01:32","slug":"abrazo-simbolico-al-hospital-local","status":"publish","type":"post","link":"https:\/\/vdl-dev.coodesoft.com.ar\/index.php\/2020\/09\/22\/abrazo-simbolico-al-hospital-local\/","title":{"rendered":"ABRAZO SIMB\u00d3LICO AL HOSPITAL LOCAL"},"content":{"rendered":"\n<p>Unas 150 personas\nparticiparon anoche de la movilizaci\u00f3n del personal de salud de nuestra ciudad,\nque se congregaron en la v\u00eda p\u00fablica, frente al ingreso a la Sala de Guardia\ndel nosocomio, sobre la calle Petriz.<\/p>\n\n\n\n<figure class=\"wp-block-audio\"><audio controls src=\"https:\/\/vocesdellangueyu.com.ar\/wp-content\/uploads\/2020\/09\/22-09-20-Esther-Dublanc-movilizaci\u00f3n-de-enfermer\u00eda-10.mp3\"><\/audio><figcaption>Esther Dublanc, enfermera<\/figcaption><\/figure>\n\n\n\n<p>La movida fue motorizada por\nel personal de enfermer\u00eda en todo el pa\u00eds, y tuvo como principales objetivos\nvisibilizar la problem\u00e1tica que atraviesan por las consecuencias de la pandemia\npor el coronavirus, especialmente el personal que desarrolla sus tareas en\nlugares con mayor cantidad de casos por lo que el sistema sanitario est\u00e1 en\nsituaci\u00f3n cr\u00edtica, y el reclamo por la jerarquizaci\u00f3n de la profesi\u00f3n, declarar\nla insalubridad de la tarea, mejoras salariales y mayores insumos.<\/p>\n\n\n\n<p>En Rauch la convocatoria fue\na las 21 horas y hubo palabras de Esther Dublanc y Laura Valenzuela y se enton\u00f3\nel Himno Nacional Argentino. <\/p>\n\n\n\n<p>Esther Dublanc, enfermera\ndijo que debemos solidarizarnos con los enfermeros de la Rep\u00fablica Argentina\nque trabajan frente a esta pandemia se\u00f1al\u00f3 que \u201csi la sociedad de Rauch no se\ncuida no los vamos a poder cuidar porque somos un n\u00famero limitado de personal,\nlas autoridades nos han brindado el equipo de cuidado personal que corresponde,\ndentro de esa preparaci\u00f3n debemos destacar el trabajo de las mucamas y personal\nde limpieza del hospital\u201d.<\/p>\n\n\n\n<p>Entre la buena convocatoria\nque tuvo el acto, sobresalieron las presencias del personal de enfermer\u00eda y de mucamas\ndel hospital local y del Geri\u00e1trico. <\/p>\n\n\n\n<p>Laura Valenzuela, enfermera\nsostuvo que son la \u00fanica profesi\u00f3n que \u201ccuida las 24 horas los 365 d\u00edas del a\u00f1o\ny&nbsp; no son reconocidos ni valorados\u201d <\/p>\n\n\n\n<p>Como contrapartida, fue\nnotable la poca presencia de m\u00e9dicos y de trabajadoras del sector que tienen\nrepresentaci\u00f3n gremial.<\/p>\n","protected":false},"excerpt":{"rendered":"<p>Unas 150 personas participaron anoche de la movilizaci\u00f3n del personal de salud de nuestra ciudad, que se congregaron en la v\u00eda p\u00fablica, frente al ingreso a la Sala de Guardia del nosocomio, sobre la calle Petriz. La movida fue motorizada por el personal de enfermer\u00eda en todo el pa\u00eds, y tuvo como principales objetivos visibilizar [&hellip;]<\/p>\n","protected":false},"author":4,"featured_media":1193,"comment_status":"open","ping_status":"open","sticky":false,"template":"","format":"standard","meta":{"spay_email":"","jetpack_publicize_message":""},"categories":[17,11,13],"tags":[],"jetpack_featured_media_url":"https:\/\/vdl-dev.coodesoft.com.ar\/wp-content\/uploads\/2020\/09\/abrazo.jpeg","jetpack_publicize_connections":[],"jetpack_sharing_enabled":true,"jetpack_shortlink":"https:\/\/wp.me\/paQJuC-je","_links":{"self":[{"href":"https:\/\/vdl-dev.coodesoft.com.ar\/index.php\/wp-json\/wp\/v2\/posts\/1192"}],"collection":[{"href":"https:\/\/vdl-dev.coodesoft.com.ar\/index.php\/wp-json\/wp\/v2\/posts"}],"about":[{"href":"https:\/\/vdl-dev.coodesoft.com.ar\/index.php\/wp-json\/wp\/v2\/types\/post"}],"author":[{"embeddable":true,"href":"https:\/\/vdl-dev.coodesoft.com.ar\/index.php\/wp-json\/wp\/v2\/users\/4"}],"replies":[{"embeddable":true,"href":"https:\/\/vdl-dev.coodesoft.com.ar\/index.php\/wp-json\/wp\/v2\/comments?post=1192"}],"version-history":[{"count":2,"href":"https:\/\/vdl-dev.coodesoft.com.ar\/index.php\/wp-json\/wp\/v2\/posts\/1192\/revisions"}],"predecessor-version":[{"id":1197,"href":"https:\/\/vdl-dev.coodesoft.com.ar\/index.php\/wp-json\/wp\/v2\/posts\/1192\/revisions\/1197"}],"wp:featuredmedia":[{"embeddable":true,"href":"https:\/\/vdl-dev.coodesoft.com.ar\/index.php\/wp-json\/wp\/v2\/media\/1193"}],"wp:attachment":[{"href":"https:\/\/vdl-dev.coodesoft.com.ar\/index.php\/wp-json\/wp\/v2\/media?parent=1192"}],"wp:term":[{"taxonomy":"category","embeddable":true,"href":"https:\/\/vdl-dev.coodesoft.com.ar\/index.php\/wp-json\/wp\/v2\/categories?post=1192"},{"taxonomy":"post_tag","embeddable":true,"href":"https:\/\/vdl-dev.coodesoft.com.ar\/index.php\/wp-json\/wp\/v2\/tags?post=1192"}],"curies":[{"name":"wp","href":"https:\/\/api.w.org\/{rel}","templated":true}]}}