{"id":1198,"date":"2020-09-22T17:05:52","date_gmt":"2020-09-22T20:05:52","guid":{"rendered":"http:\/\/vocesdellangueyu.com.ar\/?p=1198"},"modified":"2020-09-22T17:05:57","modified_gmt":"2020-09-22T20:05:57","slug":"concejales-del-frente-de-todo-en-aislamiento-la-concejal-maria-lamarche-califico-de-hipocrita-la-actitud-de-algunos-concejales-del-oficialismo","status":"publish","type":"post","link":"https:\/\/vdl-dev.coodesoft.com.ar\/index.php\/2020\/09\/22\/concejales-del-frente-de-todo-en-aislamiento-la-concejal-maria-lamarche-califico-de-hipocrita-la-actitud-de-algunos-concejales-del-oficialismo\/","title":{"rendered":"CONCEJALES DEL FRENTE DE TODO EN AISLAMIENTO: LA CONCEJAL MAR\u00cdA LAMARCHE CALIFIC\u00d3 DE \u201cHIP\u00d3CRITA\u201d LA ACTITUD DE ALGUNOS CONCEJALES DEL OFICIALISMO"},"content":{"rendered":"\n<figure class=\"wp-block-audio\"><audio controls src=\"https:\/\/vocesdellangueyu.com.ar\/wp-content\/uploads\/2020\/09\/22-09-Lamarche-primera-parte0.mp3\"><\/audio><figcaption>Mar\u00eda Lamarche, Concejal Frente de Todos<\/figcaption><\/figure>\n\n\n\n<figure class=\"wp-block-audio\"><audio controls src=\"https:\/\/vocesdellangueyu.com.ar\/wp-content\/uploads\/2020\/09\/22-09-lamarche-segunda-parte0.mp3\"><\/audio><figcaption>Mar\u00eda Lamarche, Concejal Frente de Todos<\/figcaption><\/figure>\n\n\n\n<figure class=\"wp-block-audio\"><audio controls src=\"https:\/\/vocesdellangueyu.com.ar\/wp-content\/uploads\/2020\/09\/22-09-Lamarche-tercera-parte0.mp3\"><\/audio><figcaption>Mar\u00eda Lamarche, Concejal Frente de Todos<\/figcaption><\/figure>\n\n\n\n<p>La Presidenta del bloque de\nconcejales del Frente de Todos Mar\u00eda Lamarche, cumpliendo el aislamiento\nacordado con las autoridades sanitarias tras haberse reunido con un funcionario\ndel Ministerio de Seguridad provincial la semana pasada, reflexion\u00f3 sobre la\nsituaci\u00f3n que atraviesa \u2013en forma conjunta con sus pares Emilio Tisera y\nLuciano Fern\u00e1ndez-, y afirm\u00f3 que la determinaci\u00f3n est\u00e1 en l\u00ednea con el\nacompa\u00f1amiento que desde la oposici\u00f3n han hecho de las medidas, algunas\nantip\u00e1ticas, que se han tenido que tomar en Rauch por el coronavirus.<\/p>\n\n\n\n<p>De todas formas no dej\u00f3 pasar\nla oportunidad de calificar como actitud \u201chip\u00f3crita\u201d la asumida por los ediles\nde Cambiemos que pidieron que tomaran los recaudos sanitarios por el encuentro.<\/p>\n\n\n\n<p>\u201cDentro de todo se han\nmanejado con mucha coherencia en todo este tiempo tan prolongado de pandemia \u2026\ncreo que en algunas personas o en algunos actores pol\u00edticos si hay\nclaramente&nbsp; una especie de hipocres\u00eda,\nporque parte de quienes firmaron el comunicado pidi\u00e9ndonos el aislamiento\nfueron quienes participaron de marchas rompiendo el protocolo, es una gran\nhipocres\u00eda\u201d.<\/p>\n\n\n\n<p>\u201cTenemos la conciencia muy\ntranquila, siempre hemos estado acompa\u00f1ando incluso medidas que no son\nsimp\u00e1ticas pero nunca pensamos en como sac\u00e1bamos un provecho pol\u00edtico de una situaci\u00f3n\nmuy compleja y triste que vive la sociedad. No hemos aportado a esa hipocres\u00eda\nque muchos otros si la tienen\u201d.<\/p>\n\n\n\n<p>No hay casos: \u201cUn sector de\nla sociedad muy importante que ha cumplido estrictamente las medidas y mucha\ngente laburando para cuidarnos\u201d como quienes est\u00e1n en los controles de acceso, \u201ceso\nes lo que hay que poner en valor\u201d.<\/p>\n\n\n\n<p>\u201cNosotros como oposici\u00f3n\nhemos estado trabajando priorizando la salud, y acompa\u00f1ando medidas que por ah\u00ed\nno eran pol\u00edticamente simp\u00e1ticas, pero no dudamos en que ten\u00edamos que\nacompa\u00f1arlas\u201d.<\/p>\n\n\n\n<p>Lamarche confirm\u00f3 que\nrealizar\u00e1n el aislamiento durante los 14 d\u00edas, y no apelar\u00e1n a la posibilidad\nde hisoparse a los 7 d\u00edas, y en caso de dar negativo, podr\u00edan volver a las\nactividades normales como ocurri\u00f3 con el \u00faltimo viaje que el Intendente\nMunicipal Maximiliano Suescun realiz\u00f3 a La Plata.<\/p>\n\n\n\n<p>Pedir\u00e1n una excepci\u00f3n para el\ncaso del concejal Fern\u00e1ndez debido al embarazo que est\u00e1 atravesando su pareja \u201cser\u00eda\ninjusto que en una situaci\u00f3n tan especial que contin\u00fae el aislamiento, eso si\nse le pidi\u00f3 al Intendente&nbsp; que se pueda\nrealizar el testeo en este caso\u201d.<\/p>\n\n\n\n<p>El pasado viernes Lamarche\nmantuvo un contacto virtual con referentes del OCEBA, el organismo que controla\nla provisi\u00f3n de energ\u00eda el\u00e9ctrica en la Provincia, a quien le plante\u00f3 la\nnecesidad de revisar los cortes de energ\u00eda el\u00e9ctrica que se han producido en\nlos \u00faltimos tiempos, \u201cen muchos casos se ha procedido al corte del servicio\ndomiciliario cuando hay una reglamentaci\u00f3n que suspende los cortes del servicio\u201d.<\/p>\n","protected":false},"excerpt":{"rendered":"<p>La Presidenta del bloque de concejales del Frente de Todos Mar\u00eda Lamarche, cumpliendo el aislamiento acordado con las autoridades sanitarias tras haberse reunido con un funcionario del Ministerio de Seguridad provincial la semana pasada, reflexion\u00f3 sobre la situaci\u00f3n que atraviesa \u2013en forma conjunta con sus pares Emilio Tisera y Luciano Fern\u00e1ndez-, y afirm\u00f3 que la [&hellip;]<\/p>\n","protected":false},"author":4,"featured_media":982,"comment_status":"open","ping_status":"open","sticky":false,"template":"","format":"standard","meta":{"spay_email":"","jetpack_publicize_message":""},"categories":[17,11,13],"tags":[],"jetpack_featured_media_url":"https:\/\/vdl-dev.coodesoft.com.ar\/wp-content\/uploads\/2020\/09\/Maria-Lamarche-2.jpeg","jetpack_publicize_connections":[],"jetpack_sharing_enabled":true,"jetpack_shortlink":"https:\/\/wp.me\/paQJuC-jk","_links":{"self":[{"href":"https:\/\/vdl-dev.coodesoft.com.ar\/index.php\/wp-json\/wp\/v2\/posts\/1198"}],"collection":[{"href":"https:\/\/vdl-dev.coodesoft.com.ar\/index.php\/wp-json\/wp\/v2\/posts"}],"about":[{"href":"https:\/\/vdl-dev.coodesoft.com.ar\/index.php\/wp-json\/wp\/v2\/types\/post"}],"author":[{"embeddable":true,"href":"https:\/\/vdl-dev.coodesoft.com.ar\/index.php\/wp-json\/wp\/v2\/users\/4"}],"replies":[{"embeddable":true,"href":"https:\/\/vdl-dev.coodesoft.com.ar\/index.php\/wp-json\/wp\/v2\/comments?post=1198"}],"version-history":[{"count":1,"href":"https:\/\/vdl-dev.coodesoft.com.ar\/index.php\/wp-json\/wp\/v2\/posts\/1198\/revisions"}],"predecessor-version":[{"id":1202,"href":"https:\/\/vdl-dev.coodesoft.com.ar\/index.php\/wp-json\/wp\/v2\/posts\/1198\/revisions\/1202"}],"wp:featuredmedia":[{"embeddable":true,"href":"https:\/\/vdl-dev.coodesoft.com.ar\/index.php\/wp-json\/wp\/v2\/media\/982"}],"wp:attachment":[{"href":"https:\/\/vdl-dev.coodesoft.com.ar\/index.php\/wp-json\/wp\/v2\/media?parent=1198"}],"wp:term":[{"taxonomy":"category","embeddable":true,"href":"https:\/\/vdl-dev.coodesoft.com.ar\/index.php\/wp-json\/wp\/v2\/categories?post=1198"},{"taxonomy":"post_tag","embeddable":true,"href":"https:\/\/vdl-dev.coodesoft.com.ar\/index.php\/wp-json\/wp\/v2\/tags?post=1198"}],"curies":[{"name":"wp","href":"https:\/\/api.w.org\/{rel}","templated":true}]}}