{"id":1204,"date":"2020-09-22T17:14:49","date_gmt":"2020-09-22T20:14:49","guid":{"rendered":"http:\/\/vocesdellangueyu.com.ar\/?p=1204"},"modified":"2020-09-22T17:19:31","modified_gmt":"2020-09-22T20:19:31","slug":"la-concejal-maria-lamarche-apoyo-el-reclamo-de-los-trabajadores-de-la-salud-de-rauch","status":"publish","type":"post","link":"https:\/\/vdl-dev.coodesoft.com.ar\/index.php\/2020\/09\/22\/la-concejal-maria-lamarche-apoyo-el-reclamo-de-los-trabajadores-de-la-salud-de-rauch\/","title":{"rendered":"LA CONCEJAL MAR\u00cdA LAMARCHE APOY\u00d3 EL RECLAMO DE LOS TRABAJADORES DE LA SALUD DE RAUCH"},"content":{"rendered":"\n<p>Mar\u00eda Lamarche, concejal del\nbloque del Frente de Todos se manifest\u00f3 acompa\u00f1ando el reclamo de los\ntrabajadores de la salud de nuestra ciudad que se concret\u00f3 anoche y manifest\u00f3\nsu solidaridad.<\/p>\n\n\n\n<figure class=\"wp-block-audio\"><audio controls src=\"https:\/\/vocesdellangueyu.com.ar\/wp-content\/uploads\/2020\/09\/22-09-Lamarche-quinta-parte0.mp3\"><\/audio><figcaption>Mar\u00eda Lamarche, Concejal Frente de Todos<\/figcaption><\/figure>\n\n\n\n<p>\u201cSon quienes est\u00e1n a la\ncabeza de esta batalla que estamos dando con el COVID, si bien en Rauch no\nhemos tenido casos el personal de la salud ha estado en tensi\u00f3n y preparados\npara poder resolver una situaci\u00f3n&nbsp; que\npodr\u00eda ser de contagio\u201d.<\/p>\n\n\n\n<p>Lamarche se\u00f1alo que en Rauch \u201cestamos\nen deuda con el personal de enfermer\u00eda que tiene que ver con la puesta en vigencia\nla carrera profesional de enfermer\u00eda\u201d.<\/p>\n\n\n\n<p>Adem\u00e1s, utiliz\u00f3 el t\u00e9rmino de\nhipocres\u00eda para contraponer discursos que dicen apoyar la salud p\u00fablica, pero\nque en los hechos hay \u201ctrabajadores en precariedad laboral\u201d, hay que insistir\nen que \u201cantes de parecer hay que ser, en eso debemos trabajar todos\u201d.<\/p>\n","protected":false},"excerpt":{"rendered":"<p>Mar\u00eda Lamarche, concejal del bloque del Frente de Todos se manifest\u00f3 acompa\u00f1ando el reclamo de los trabajadores de la salud de nuestra ciudad que se concret\u00f3 anoche y manifest\u00f3 su solidaridad. \u201cSon quienes est\u00e1n a la cabeza de esta batalla que estamos dando con el COVID, si bien en Rauch no hemos tenido casos el [&hellip;]<\/p>\n","protected":false},"author":4,"featured_media":785,"comment_status":"open","ping_status":"open","sticky":false,"template":"","format":"standard","meta":{"spay_email":"","jetpack_publicize_message":""},"categories":[17,11,13],"tags":[],"jetpack_featured_media_url":"https:\/\/vdl-dev.coodesoft.com.ar\/wp-content\/uploads\/2020\/08\/LAMARCHEmaria1.jpg","jetpack_publicize_connections":[],"jetpack_sharing_enabled":true,"jetpack_shortlink":"https:\/\/wp.me\/paQJuC-jq","_links":{"self":[{"href":"https:\/\/vdl-dev.coodesoft.com.ar\/index.php\/wp-json\/wp\/v2\/posts\/1204"}],"collection":[{"href":"https:\/\/vdl-dev.coodesoft.com.ar\/index.php\/wp-json\/wp\/v2\/posts"}],"about":[{"href":"https:\/\/vdl-dev.coodesoft.com.ar\/index.php\/wp-json\/wp\/v2\/types\/post"}],"author":[{"embeddable":true,"href":"https:\/\/vdl-dev.coodesoft.com.ar\/index.php\/wp-json\/wp\/v2\/users\/4"}],"replies":[{"embeddable":true,"href":"https:\/\/vdl-dev.coodesoft.com.ar\/index.php\/wp-json\/wp\/v2\/comments?post=1204"}],"version-history":[{"count":2,"href":"https:\/\/vdl-dev.coodesoft.com.ar\/index.php\/wp-json\/wp\/v2\/posts\/1204\/revisions"}],"predecessor-version":[{"id":1208,"href":"https:\/\/vdl-dev.coodesoft.com.ar\/index.php\/wp-json\/wp\/v2\/posts\/1204\/revisions\/1208"}],"wp:featuredmedia":[{"embeddable":true,"href":"https:\/\/vdl-dev.coodesoft.com.ar\/index.php\/wp-json\/wp\/v2\/media\/785"}],"wp:attachment":[{"href":"https:\/\/vdl-dev.coodesoft.com.ar\/index.php\/wp-json\/wp\/v2\/media?parent=1204"}],"wp:term":[{"taxonomy":"category","embeddable":true,"href":"https:\/\/vdl-dev.coodesoft.com.ar\/index.php\/wp-json\/wp\/v2\/categories?post=1204"},{"taxonomy":"post_tag","embeddable":true,"href":"https:\/\/vdl-dev.coodesoft.com.ar\/index.php\/wp-json\/wp\/v2\/tags?post=1204"}],"curies":[{"name":"wp","href":"https:\/\/api.w.org\/{rel}","templated":true}]}}