{"id":1222,"date":"2020-09-23T17:42:43","date_gmt":"2020-09-23T20:42:43","guid":{"rendered":"http:\/\/vocesdellangueyu.com.ar\/?p=1222"},"modified":"2020-09-23T17:48:18","modified_gmt":"2020-09-23T20:48:18","slug":"12o-edicion-consecutiva-de-las-ollas-populares","status":"publish","type":"post","link":"https:\/\/vdl-dev.coodesoft.com.ar\/index.php\/2020\/09\/23\/12o-edicion-consecutiva-de-las-ollas-populares\/","title":{"rendered":"12\u00ba EDICI\u00d3N CONSECUTIVA DE LAS OLLAS POPULARES"},"content":{"rendered":"\n<p>El pasado s\u00e1bado se llev\u00f3 a\ncabo la 12\u00ba edici\u00f3n consecutiva de las ollas populares que se realizan todos\nlos fines de semana, a trav\u00e9s de las cu\u00e1les se est\u00e1n garantizando la entrega de\nm\u00e1s de 400 viandas a familias de diferentes barrios. <\/p>\n\n\n\n<p>La iniciativa es llevada\nadelante por organizaciones pol\u00edticas, sociales y gremiales, como la\nCooperativa Mayo (construcci\u00f3n), SUTEBA, el Sindicato de Trabajadores Municipales,\nel PJ local, el Frente de Todos, La C\u00e1mpora.<\/p>\n\n\n\n<p>Jaime Alonso de la\nCooperativa Mayo, se\u00f1al\u00f3 que ha crecido notablemente la demanda desde el\ncomienzo de la pandemia, \u201ccomenzamos con una olla fija en el barrio MIT y nos\nfuimos dando cuenta que la necesidad era un poco m\u00e1s amplia y nos fuimos\ndistribuyendo en los diferentes barrios del pueblo, en la actualidad estamos casi\nen las 450 viandas\u201d.<\/p>\n\n\n\n<p>Alonso dijo que tuvieron\nayuda provincial en lo que son alimentos secos pero se complica con los\nalimentos fresco \u201cpero lo vamos resolviendo\u201d&nbsp;\nd\u00eda a d\u00eda.<\/p>\n\n\n\n<p>En la actualidad cocinan en\nel merendero del barrio MIT y desde ah\u00ed distribuyen las viandas a los distintos\nbarrios, \u201cnos sorprendi\u00f3 como fue creciendo el pedido de las viandas, con la\npandemia se fue agravando la situaci\u00f3n\u201d.<\/p>\n\n\n\n<figure class=\"wp-block-audio\"><audio controls src=\"https:\/\/vocesdellangueyu.com.ar\/wp-content\/uploads\/2020\/09\/23-09-Alonso-ollas-populares0.mp3\"><\/audio><figcaption>Jaime Alonso, Cooperativa Mayo<\/figcaption><\/figure>\n","protected":false},"excerpt":{"rendered":"<p>El pasado s\u00e1bado se llev\u00f3 a cabo la 12\u00ba edici\u00f3n consecutiva de las ollas populares que se realizan todos los fines de semana, a trav\u00e9s de las cu\u00e1les se est\u00e1n garantizando la entrega de m\u00e1s de 400 viandas a familias de diferentes barrios. La iniciativa es llevada adelante por organizaciones pol\u00edticas, sociales y gremiales, como [&hellip;]<\/p>\n","protected":false},"author":4,"featured_media":1223,"comment_status":"open","ping_status":"open","sticky":false,"template":"","format":"standard","meta":{"spay_email":"","jetpack_publicize_message":""},"categories":[17,11,13],"tags":[],"jetpack_featured_media_url":"https:\/\/vdl-dev.coodesoft.com.ar\/wp-content\/uploads\/2020\/09\/ollas.jpeg","jetpack_publicize_connections":[],"jetpack_sharing_enabled":true,"jetpack_shortlink":"https:\/\/wp.me\/paQJuC-jI","_links":{"self":[{"href":"https:\/\/vdl-dev.coodesoft.com.ar\/index.php\/wp-json\/wp\/v2\/posts\/1222"}],"collection":[{"href":"https:\/\/vdl-dev.coodesoft.com.ar\/index.php\/wp-json\/wp\/v2\/posts"}],"about":[{"href":"https:\/\/vdl-dev.coodesoft.com.ar\/index.php\/wp-json\/wp\/v2\/types\/post"}],"author":[{"embeddable":true,"href":"https:\/\/vdl-dev.coodesoft.com.ar\/index.php\/wp-json\/wp\/v2\/users\/4"}],"replies":[{"embeddable":true,"href":"https:\/\/vdl-dev.coodesoft.com.ar\/index.php\/wp-json\/wp\/v2\/comments?post=1222"}],"version-history":[{"count":2,"href":"https:\/\/vdl-dev.coodesoft.com.ar\/index.php\/wp-json\/wp\/v2\/posts\/1222\/revisions"}],"predecessor-version":[{"id":1227,"href":"https:\/\/vdl-dev.coodesoft.com.ar\/index.php\/wp-json\/wp\/v2\/posts\/1222\/revisions\/1227"}],"wp:featuredmedia":[{"embeddable":true,"href":"https:\/\/vdl-dev.coodesoft.com.ar\/index.php\/wp-json\/wp\/v2\/media\/1223"}],"wp:attachment":[{"href":"https:\/\/vdl-dev.coodesoft.com.ar\/index.php\/wp-json\/wp\/v2\/media?parent=1222"}],"wp:term":[{"taxonomy":"category","embeddable":true,"href":"https:\/\/vdl-dev.coodesoft.com.ar\/index.php\/wp-json\/wp\/v2\/categories?post=1222"},{"taxonomy":"post_tag","embeddable":true,"href":"https:\/\/vdl-dev.coodesoft.com.ar\/index.php\/wp-json\/wp\/v2\/tags?post=1222"}],"curies":[{"name":"wp","href":"https:\/\/api.w.org\/{rel}","templated":true}]}}