{"id":1245,"date":"2020-09-24T17:12:39","date_gmt":"2020-09-24T20:12:39","guid":{"rendered":"http:\/\/vocesdellangueyu.com.ar\/?p=1245"},"modified":"2020-09-24T17:14:27","modified_gmt":"2020-09-24T20:14:27","slug":"representantes-de-la-secretaria-de-desarrollo-humano-y-familiar-se-entrevistaron-con-vecinos-del-barrio-mit","status":"publish","type":"post","link":"https:\/\/vdl-dev.coodesoft.com.ar\/index.php\/2020\/09\/24\/representantes-de-la-secretaria-de-desarrollo-humano-y-familiar-se-entrevistaron-con-vecinos-del-barrio-mit\/","title":{"rendered":"REPRESENTANTES DE LA SECRETAR\u00cdA DE DESARROLLO HUMANO Y FAMILIAR SE ENTREVISTARON CON VECINOS DEL BARRIO MIT"},"content":{"rendered":"\n<p>La titular de la Secretar\u00eda de Desarrollo Humano y Familiar\nMiriam Larrocea explic\u00f3 cu\u00e1les son los objetivos de la iniciativa de trasladar\nvarias acciones del \u00e1rea al NIDO del barrio MIT, como ocurri\u00f3 esta ma\u00f1ana. <\/p>\n\n\n\n<figure class=\"wp-block-audio\"><audio controls src=\"https:\/\/vocesdellangueyu.com.ar\/wp-content\/uploads\/2020\/09\/24-09-Larrocea-primera-parte0.mp3\"><\/audio><figcaption>Miriam Larrocea, Secretar\u00eda de Desarrollo Humano<\/figcaption><\/figure>\n\n\n\n<figure class=\"wp-block-audio\"><audio controls src=\"https:\/\/vocesdellangueyu.com.ar\/wp-content\/uploads\/2020\/09\/24-09-Larrocea-segunda-parte0.mp3\"><\/audio><figcaption>Miriam Larrocea, Secretar\u00eda de Desarrollo Humano<\/figcaption><\/figure>\n\n\n\n<p>Personal\nde la dependencia del Municipio atendi\u00f3 inquietudes y planteos de vecinos del\nlugar esta ma\u00f1ana, con la presencia de trabajadores de las direcciones de Desarrollo Humano, G\u00e9nero, Educaci\u00f3n, Cultura\ny Discapacidad.<\/p>\n\n\n\n<p>Larrocera explic\u00f3 que \u201ces un proyecto que est\u00e1\ndesde el comienzo de la gesti\u00f3n, con la pandemia se reorganizaron las\nactividades, como la ciudad est\u00e1 en fase 5 pudimos comenzar con las salidas\nprogramadas y concurrir a los espacios donde est\u00e1n los vecinos\u201d.<\/p>\n\n\n\n<p>La iniciativa se pondr\u00e1 en pr\u00e1ctica en\ndiferentes lugares de la ciudad en forma rotativa y con un cronograma que se\nest\u00e1 definiendo.<\/p>\n\n\n\n<p>Entre otras cosas, Larrocea adelant\u00f3 que hoy se\nrealizar\u00eda la entrega de las tarjetas alimentarias que el Municipio ha puesto\nen pr\u00e1ctica, para que las y los beneficiarios puedan adquirir directamente en\ncomercios los productos que hasta el momento se retiran en la sede de la\nSecretar\u00eda.<\/p>\n\n\n\n<p>\u201cEs una tarjeta que se ven\u00eda gestionando desde\nel a\u00f1o pasado, los beneficiarios se podr\u00e1n manejar independientemente de la las\nSecretar\u00eda en las compras de sus alimentos, esta es una prueba piloto de 18\ntarjetas y la idea es seguir aumentando los beneficiarios\u201d.<\/p>\n\n\n\n<p>Larrocea explic\u00f3 tambi\u00e9n que en forma\nprogresiva, varias dependencias de la Secretar\u00eda que hab\u00edan suspendido sus\nactividades por la pandemia est\u00e1n retornando a su ritmo habitual, respetando\nlos protocolos correspondientes, \u201cse fueron retomando las actividades del\nCentro de D\u00eda de la Tercera Edad y con el Centro de D\u00eda para la Discapacidad\ncon los protocolos establecidos, esperemos que podamos continuar, todo depende\nde lo que suceda con la pandemia\u201d, se\u00f1al\u00f3 la funcionaria.<\/p>\n","protected":false},"excerpt":{"rendered":"<p>La titular de la Secretar\u00eda de Desarrollo Humano y Familiar Miriam Larrocea explic\u00f3 cu\u00e1les son los objetivos de la iniciativa de trasladar varias acciones del \u00e1rea al NIDO del barrio MIT, como ocurri\u00f3 esta ma\u00f1ana. Personal de la dependencia del Municipio atendi\u00f3 inquietudes y planteos de vecinos del lugar esta ma\u00f1ana, con la presencia de [&hellip;]<\/p>\n","protected":false},"author":4,"featured_media":892,"comment_status":"open","ping_status":"open","sticky":false,"template":"","format":"standard","meta":{"spay_email":"","jetpack_publicize_message":""},"categories":[17,11,13],"tags":[],"jetpack_featured_media_url":"https:\/\/vdl-dev.coodesoft.com.ar\/wp-content\/uploads\/2020\/08\/miriam-L.jpeg","jetpack_publicize_connections":[],"jetpack_sharing_enabled":true,"jetpack_shortlink":"https:\/\/wp.me\/paQJuC-k5","_links":{"self":[{"href":"https:\/\/vdl-dev.coodesoft.com.ar\/index.php\/wp-json\/wp\/v2\/posts\/1245"}],"collection":[{"href":"https:\/\/vdl-dev.coodesoft.com.ar\/index.php\/wp-json\/wp\/v2\/posts"}],"about":[{"href":"https:\/\/vdl-dev.coodesoft.com.ar\/index.php\/wp-json\/wp\/v2\/types\/post"}],"author":[{"embeddable":true,"href":"https:\/\/vdl-dev.coodesoft.com.ar\/index.php\/wp-json\/wp\/v2\/users\/4"}],"replies":[{"embeddable":true,"href":"https:\/\/vdl-dev.coodesoft.com.ar\/index.php\/wp-json\/wp\/v2\/comments?post=1245"}],"version-history":[{"count":2,"href":"https:\/\/vdl-dev.coodesoft.com.ar\/index.php\/wp-json\/wp\/v2\/posts\/1245\/revisions"}],"predecessor-version":[{"id":1250,"href":"https:\/\/vdl-dev.coodesoft.com.ar\/index.php\/wp-json\/wp\/v2\/posts\/1245\/revisions\/1250"}],"wp:featuredmedia":[{"embeddable":true,"href":"https:\/\/vdl-dev.coodesoft.com.ar\/index.php\/wp-json\/wp\/v2\/media\/892"}],"wp:attachment":[{"href":"https:\/\/vdl-dev.coodesoft.com.ar\/index.php\/wp-json\/wp\/v2\/media?parent=1245"}],"wp:term":[{"taxonomy":"category","embeddable":true,"href":"https:\/\/vdl-dev.coodesoft.com.ar\/index.php\/wp-json\/wp\/v2\/categories?post=1245"},{"taxonomy":"post_tag","embeddable":true,"href":"https:\/\/vdl-dev.coodesoft.com.ar\/index.php\/wp-json\/wp\/v2\/tags?post=1245"}],"curies":[{"name":"wp","href":"https:\/\/api.w.org\/{rel}","templated":true}]}}