{"id":1252,"date":"2020-09-24T17:17:40","date_gmt":"2020-09-24T20:17:40","guid":{"rendered":"http:\/\/vocesdellangueyu.com.ar\/?p=1252"},"modified":"2020-09-24T17:18:28","modified_gmt":"2020-09-24T20:18:28","slug":"gustavo-palazzo-afirmo-que-el-traslado-de-las-familias-de-villa-burgos-no-sera-de-manera-compulsiva","status":"publish","type":"post","link":"https:\/\/vdl-dev.coodesoft.com.ar\/index.php\/2020\/09\/24\/gustavo-palazzo-afirmo-que-el-traslado-de-las-familias-de-villa-burgos-no-sera-de-manera-compulsiva\/","title":{"rendered":"GUSTAVO PALAZZO AFIRM\u00d3 QUE EL TRASLADO DE LAS FAMILIAS DE VILLA BURGOS NO SER\u00c1 DE MANERA \u201cCOMPULSIVA\u201d"},"content":{"rendered":"\n<p>El bloque\nde concejales del oficialismo present\u00f3 un proyecto de <strong>Ordenanza para que se regularice la situaci\u00f3n dominial\nde las familias afincadas en la denominada Villa Burgos, o que en su defecto se\nlas traslade a otros terrenos m\u00e1s cercanos a la planta urbana.<\/strong><\/p>\n\n\n\n<figure class=\"wp-block-audio\"><audio controls src=\"https:\/\/vocesdellangueyu.com.ar\/wp-content\/uploads\/2020\/09\/24-09-Palazzo-primera-parte0.mp3\"><\/audio><figcaption>Gustavo Palazzo , Concejal Frente Cambiemos<\/figcaption><\/figure>\n\n\n\n<figure class=\"wp-block-audio\"><audio controls src=\"https:\/\/vocesdellangueyu.com.ar\/wp-content\/uploads\/2020\/09\/24-09-Palazzo-segunda-parte0.mp3\"><\/audio><figcaption>Gustavo Palazzo, Concejal Frente Cambiemos<\/figcaption><\/figure>\n\n\n\n<p>La iniciativa describe que los ocupantes\nde dichas tierras tienen \u201cprecariedad jur\u00eddica\u201d sobre la tenencia de los\ninmuebles y que \u201clas viviendas construidas en su mayor\u00eda son de car\u00e1cter muy\nprecario\u2026 y que no poseen los servicios b\u00e1sicos indispensables\u201d y que la\nllegada de los mismos es de dif\u00edcil concreci\u00f3n.<\/p>\n\n\n\n<p>El concejal Gustavo Palazzo, de Cambiemos,\nexplic\u00f3 los detalles centrales del proyecto y aclar\u00f3 que en el caso de familias\nque se muden a otras tierras en las que puedan \u201ccontar con una vivienda digna y\nlos servicios b\u00e1sicos\u201d, ser\u00e1n las que ya han dado su conformidad verbal al\nmenos, para ello y que no ser\u00e1 compulsiva la medida.<\/p>\n\n\n\n<p>\u201cEl proyecto que se present\u00f3 tiene dos\ncuestiones, una es que la mayor\u00eda de las familias no tienen escritura de la\nvivienda&nbsp;&nbsp; y no poseen los servicios\nb\u00e1sicos,&nbsp; hoy son ocupantes y no tienen\nescritura y pensamos que se pod\u00eda aplicar un sistema que ya se implement\u00f3 en\nVilla Gonz\u00e1lez, en donde se le cede los derechos de ocupaci\u00f3n al Municipio y el\nMunicipio le transfiere los derechos a las familias y la otra alternativa es\npoder mudar a las familias a otro barrio\u201d.<\/p>\n\n\n\n<p>\u201cEl traslado no ser\u00e1 de manera compulsiva\nsino que es optativa\u201d<\/p>\n\n\n\n<p>Palazzo se refiri\u00f3 a la dificultad que\npresenta la obra civil para garantizar la llegada de los servicios hasta ese\nlugar.<\/p>\n\n\n\n<p>El requisito para entrar en el plan de\nregulaci\u00f3n dominial es tener cinco a\u00f1os de radicaci\u00f3n en el lugar.<\/p>\n","protected":false},"excerpt":{"rendered":"<p>El bloque de concejales del oficialismo present\u00f3 un proyecto de Ordenanza para que se regularice la situaci\u00f3n dominial de las familias afincadas en la denominada Villa Burgos, o que en su defecto se las traslade a otros terrenos m\u00e1s cercanos a la planta urbana. La iniciativa describe que los ocupantes de dichas tierras tienen \u201cprecariedad [&hellip;]<\/p>\n","protected":false},"author":4,"featured_media":1253,"comment_status":"open","ping_status":"open","sticky":false,"template":"","format":"standard","meta":{"spay_email":"","jetpack_publicize_message":""},"categories":[17,11],"tags":[],"jetpack_featured_media_url":"https:\/\/vdl-dev.coodesoft.com.ar\/wp-content\/uploads\/2020\/09\/gustavo.jpg","jetpack_publicize_connections":[],"jetpack_sharing_enabled":true,"jetpack_shortlink":"https:\/\/wp.me\/paQJuC-kc","_links":{"self":[{"href":"https:\/\/vdl-dev.coodesoft.com.ar\/index.php\/wp-json\/wp\/v2\/posts\/1252"}],"collection":[{"href":"https:\/\/vdl-dev.coodesoft.com.ar\/index.php\/wp-json\/wp\/v2\/posts"}],"about":[{"href":"https:\/\/vdl-dev.coodesoft.com.ar\/index.php\/wp-json\/wp\/v2\/types\/post"}],"author":[{"embeddable":true,"href":"https:\/\/vdl-dev.coodesoft.com.ar\/index.php\/wp-json\/wp\/v2\/users\/4"}],"replies":[{"embeddable":true,"href":"https:\/\/vdl-dev.coodesoft.com.ar\/index.php\/wp-json\/wp\/v2\/comments?post=1252"}],"version-history":[{"count":2,"href":"https:\/\/vdl-dev.coodesoft.com.ar\/index.php\/wp-json\/wp\/v2\/posts\/1252\/revisions"}],"predecessor-version":[{"id":1257,"href":"https:\/\/vdl-dev.coodesoft.com.ar\/index.php\/wp-json\/wp\/v2\/posts\/1252\/revisions\/1257"}],"wp:featuredmedia":[{"embeddable":true,"href":"https:\/\/vdl-dev.coodesoft.com.ar\/index.php\/wp-json\/wp\/v2\/media\/1253"}],"wp:attachment":[{"href":"https:\/\/vdl-dev.coodesoft.com.ar\/index.php\/wp-json\/wp\/v2\/media?parent=1252"}],"wp:term":[{"taxonomy":"category","embeddable":true,"href":"https:\/\/vdl-dev.coodesoft.com.ar\/index.php\/wp-json\/wp\/v2\/categories?post=1252"},{"taxonomy":"post_tag","embeddable":true,"href":"https:\/\/vdl-dev.coodesoft.com.ar\/index.php\/wp-json\/wp\/v2\/tags?post=1252"}],"curies":[{"name":"wp","href":"https:\/\/api.w.org\/{rel}","templated":true}]}}