{"id":1258,"date":"2020-09-25T16:46:20","date_gmt":"2020-09-25T19:46:20","guid":{"rendered":"http:\/\/vocesdellangueyu.com.ar\/?p=1258"},"modified":"2020-09-25T16:46:46","modified_gmt":"2020-09-25T19:46:46","slug":"desde-el-frente-de-todos-advierten-que-el-proyecto-del-oficialismo-para-villa-burgos-tiene-intenciones-ocultas-que-generara-vulneracion-de-derechos-y-que-tiene-gravedad-ins","status":"publish","type":"post","link":"https:\/\/vdl-dev.coodesoft.com.ar\/index.php\/2020\/09\/25\/desde-el-frente-de-todos-advierten-que-el-proyecto-del-oficialismo-para-villa-burgos-tiene-intenciones-ocultas-que-generara-vulneracion-de-derechos-y-que-tiene-gravedad-ins\/","title":{"rendered":"DESDE EL FRENTE DE TODOS ADVIERTEN QUE EL PROYECTO DEL OFICIALISMO PARA VILLA BURGOS TIENE INTENCIONES OCULTAS QUE  GENERAR\u00c1 \u201cVULNERACI\u00d3N DE DERECHOS\u201d Y QUE TIENE \u201cGRAVEDAD INSTITUCIONAL\u201d"},"content":{"rendered":"\n<p>El concejal del bloque del\nFrente de Todos Diego Grieco advirti\u00f3 que la idea del oficialismo de propiciar\nuna regularizaci\u00f3n dominial para los vecinos que residen en Villa Burgos, que\nentre otras cosas contempla el traslado a otras tierras, es&nbsp; un \u201ctema tan controversial y con necesidad de\nmucho m\u00e1s an\u00e1lisis\u201d.<\/p>\n\n\n\n<figure class=\"wp-block-audio\"><audio controls src=\"https:\/\/vocesdellangueyu.com.ar\/wp-content\/uploads\/2020\/09\/25-09-Grieco-Villa-Burgos0.mp3\"><\/audio><figcaption>Diego Grieco, Concejal Frente de Todos<\/figcaption><\/figure>\n\n\n\n<p>Fue cuando explic\u00f3 el por qu\u00e9\nde la ausencia de los ediles de la oposici\u00f3n a las reuniones de comisiones de\nayer, en las que se avanzar\u00eda con el tratamiento del proyecto, argumentando que\nen el encuentro del jueves pr\u00f3ximo la bancada contar\u00e1 con todos sus miembros,\nya que tres de los cinco se encuentran cumpliendo aislamiento tras la reuni\u00f3n que\nla semana pasada mantuvieron con un funcionario del Ministerio de Seguridad\nprovincial.<\/p>\n\n\n\n<p>\u201cEl proyecto de Villa Burgos\nviene de la mano con otros dos proyectos, y que esconde intenciones con las que\nno estamos de acuerdo, y le vamos a dar una lucha ac\u00e9rrima\u201d dijo el edil, ya\nque generar\u00e1 \u201cvulneraci\u00f3n de derechos fundamentales y elementales, nos parece\nque Villa Burgos viene de la mano del c\u00f3digo de ordenamiento urbano, hay\nintereses que no se est\u00e1n explicitando y necesitamos tiempo para darle\ndiscusi\u00f3n\u201d.<\/p>\n\n\n\n<p>Gieco adelant\u00f3 que hay\nalgunas intenciones ocultas detr\u00e1s de una iniciativa que el oficialismo la\npresenta con el objetivo de crearles mejores condiciones de vida a los habitantes\ndel lugar.<\/p>\n\n\n\n<p>\u201cLas familias reclaman los\nservicios esenciales, son reclamos hist\u00f3ricos y el Ejecutivo decide no dar\nrespuesta a esas cuestiones\u2026. Nos hace bastante ruido,&nbsp; vamos a darnos el tiempo necesario para dar un\ndebate serio y maduro\u201d.<\/p>\n\n\n\n<p>El concejal describi\u00f3 que la\nidea que se intenta poner en pr\u00e1ctica en Villa Burgos tiene una directa\nrelaci\u00f3n con el Plan de Ordenamiento Urbano que fue recientemente presentado\npor el Gobierno \u2013que establece los par\u00e1metros que se deber\u00e1n tener en cuenta\npara la expansi\u00f3n urban\u00edstica de la ciudad-, y una comisi\u00f3n local que el\noficialismo aprob\u00f3 recientemente en el recinto, con la oposici\u00f3n del bloque del\nFrente de Todos, que se encargar\u00e1 de las valuaciones de los inmuebles en los\nque el Municipio pueda tener inter\u00e9s.<\/p>\n\n\n\n<p>El concejal habl\u00f3 de una\nsituaci\u00f3n de \u201cgravedad institucional\u201d.<\/p>\n","protected":false},"excerpt":{"rendered":"<p>El concejal del bloque del Frente de Todos Diego Grieco advirti\u00f3 que la idea del oficialismo de propiciar una regularizaci\u00f3n dominial para los vecinos que residen en Villa Burgos, que entre otras cosas contempla el traslado a otras tierras, es&nbsp; un \u201ctema tan controversial y con necesidad de mucho m\u00e1s an\u00e1lisis\u201d. Fue cuando explic\u00f3 el [&hellip;]<\/p>\n","protected":false},"author":4,"featured_media":718,"comment_status":"open","ping_status":"open","sticky":false,"template":"","format":"standard","meta":{"spay_email":"","jetpack_publicize_message":""},"categories":[17,11,13],"tags":[],"jetpack_featured_media_url":"https:\/\/vdl-dev.coodesoft.com.ar\/wp-content\/uploads\/2020\/08\/grieco-diego.jpeg","jetpack_publicize_connections":[],"jetpack_sharing_enabled":true,"jetpack_shortlink":"https:\/\/wp.me\/paQJuC-ki","_links":{"self":[{"href":"https:\/\/vdl-dev.coodesoft.com.ar\/index.php\/wp-json\/wp\/v2\/posts\/1258"}],"collection":[{"href":"https:\/\/vdl-dev.coodesoft.com.ar\/index.php\/wp-json\/wp\/v2\/posts"}],"about":[{"href":"https:\/\/vdl-dev.coodesoft.com.ar\/index.php\/wp-json\/wp\/v2\/types\/post"}],"author":[{"embeddable":true,"href":"https:\/\/vdl-dev.coodesoft.com.ar\/index.php\/wp-json\/wp\/v2\/users\/4"}],"replies":[{"embeddable":true,"href":"https:\/\/vdl-dev.coodesoft.com.ar\/index.php\/wp-json\/wp\/v2\/comments?post=1258"}],"version-history":[{"count":2,"href":"https:\/\/vdl-dev.coodesoft.com.ar\/index.php\/wp-json\/wp\/v2\/posts\/1258\/revisions"}],"predecessor-version":[{"id":1261,"href":"https:\/\/vdl-dev.coodesoft.com.ar\/index.php\/wp-json\/wp\/v2\/posts\/1258\/revisions\/1261"}],"wp:featuredmedia":[{"embeddable":true,"href":"https:\/\/vdl-dev.coodesoft.com.ar\/index.php\/wp-json\/wp\/v2\/media\/718"}],"wp:attachment":[{"href":"https:\/\/vdl-dev.coodesoft.com.ar\/index.php\/wp-json\/wp\/v2\/media?parent=1258"}],"wp:term":[{"taxonomy":"category","embeddable":true,"href":"https:\/\/vdl-dev.coodesoft.com.ar\/index.php\/wp-json\/wp\/v2\/categories?post=1258"},{"taxonomy":"post_tag","embeddable":true,"href":"https:\/\/vdl-dev.coodesoft.com.ar\/index.php\/wp-json\/wp\/v2\/tags?post=1258"}],"curies":[{"name":"wp","href":"https:\/\/api.w.org\/{rel}","templated":true}]}}