{"id":1263,"date":"2020-09-25T16:59:29","date_gmt":"2020-09-25T19:59:29","guid":{"rendered":"http:\/\/vocesdellangueyu.com.ar\/?p=1263"},"modified":"2020-09-25T16:59:34","modified_gmt":"2020-09-25T19:59:34","slug":"carlos-oroquieta-planteo-que-el-municipio-se-quiere-apropiar-de-tierras-en-villa-burgos","status":"publish","type":"post","link":"https:\/\/vdl-dev.coodesoft.com.ar\/index.php\/2020\/09\/25\/carlos-oroquieta-planteo-que-el-municipio-se-quiere-apropiar-de-tierras-en-villa-burgos\/","title":{"rendered":"CARLOS OROQUIETA PLANTE\u00d3 QUE EL MUNICIPIO SE QUIERE \u201cAPROPIAR\u201d DE TIERRAS EN VILLA BURGOS"},"content":{"rendered":"\n<figure class=\"wp-block-audio\"><audio controls src=\"https:\/\/vocesdellangueyu.com.ar\/wp-content\/uploads\/2020\/09\/25-09-Oroquieta-primera-parte0.mp3\"><\/audio><figcaption>Carlos Oroquieta, Biblioteca Eva Per\u00f3n <\/figcaption><\/figure>\n\n\n\n<figure class=\"wp-block-audio\"><audio controls src=\"https:\/\/vocesdellangueyu.com.ar\/wp-content\/uploads\/2020\/09\/25-09-Oroquieta-segunda-parte0.mp3\"><\/audio><figcaption>Carlos Oroquieta, Biblioteca Eva Per\u00f3n<\/figcaption><\/figure>\n\n\n\n<p><\/p>\n\n\n\n<p>El Concejo Deliberante\nanalizar\u00e1 un proyecto de Ordenanza presentado por el bloque oficialista para\nque se regularice la situaci\u00f3n dominial de las familias afincadas en la\ndenominada Villa Burgos, o que en su defecto se las traslade a otros terrenos\nm\u00e1s cercanos a la planta urbana que cuenten con todos los servicios.<\/p>\n\n\n\n<p>Carlos Oroquieta, Presidente\nde la Biblioteca Popular Eva Per\u00f3n que recientemente instal\u00f3 una sub sede de la\ninstituci\u00f3n en la zona, expres\u00f3 que \u201clo que hace ruido es que pr\u00e1cticamente\ntoda la Villa Burgos tiene propietarios privados\u2026 la Municipalidad pretende\ninscribirlo (al predio) a su nombre, vaya a saber con qu\u00e9 intenciones\u201d.<\/p>\n\n\n\n<p>Oroquieta agreg\u00f3 que \u201csi el\nMunicipio pretende quedarse con esas tierras debe expropiarlas y pagar por\nellas. Me parece que ser\u00eda una cosa razonable\u2026\u201d aunque anticip\u00f3 que \u201cno es la\nintenci\u00f3n que tienen\u201d y que la idea es \u201cver de qu\u00e9 manera el Municipio de\napropia de&nbsp; tierras que son de la\ncomunidad\u201d.<\/p>\n\n\n\n<p>\u201cHay gente que son herederos\no han comprado esas tierras y no han sido consultadas hasta el d\u00eda de hoy. Si\nhaces una ordenanza inconsulta y dec\u00eds que el Municipio va a inscribir tierras\na su nombre generas por lo menos una preocupaci\u00f3n importante\u201d. <\/p>\n\n\n\n<p>Oroquieta analiz\u00f3 que lo m\u00e1s\napropiado es evaluar alternativas para que los servicios esenciales lleguen a\nla zona, y que no se tienda a desarraigar a las familias que en muchos casos\nest\u00e1n instaladas all\u00ed hace a\u00f1os.<\/p>\n\n\n\n<p>En ese sentido fue cr\u00edtico\ncon el accionar del Municipio en torno al esfuerzo que deber\u00eda hacer para\nmejorarles la calidad de vida a familias radicadas incluso en la planta urbana.<\/p>\n\n\n\n<p>\u201cEn la planta urbana el\nMunicipio tiene una deuda tremenda en la calidad de vida de la gente en cuanto\nlo habitacional, agravado porque le entreg\u00f3 tierras a gente y en otros casos se\nlos vendi\u00f3, familias de muy pocos recursos tiene que estar pagando la tierra\nporque el Municipio ha decidido un mercado inmobiliario\u201d.<\/p>\n\n\n\n<p>El titular de la biblioteca\nexplic\u00f3 cu\u00e1les son los servicios y objetivos que se brindan en la sub sede que\nse inaugur\u00f3 en la zona de Villa Burgos, \u201cla idea es llevar talleres de todo\ntipo para la familia, apoyo escolar y est\u00e1 funcionando la copa de leche a cargo\nde los vecinos del barrio, continuamos con la entrega de ropa y abrimos el\nespacio a otras instituciones de la comunidad como la Iglesia\u201d.<\/p>\n","protected":false},"excerpt":{"rendered":"<p>El Concejo Deliberante analizar\u00e1 un proyecto de Ordenanza presentado por el bloque oficialista para que se regularice la situaci\u00f3n dominial de las familias afincadas en la denominada Villa Burgos, o que en su defecto se las traslade a otros terrenos m\u00e1s cercanos a la planta urbana que cuenten con todos los servicios. Carlos Oroquieta, Presidente [&hellip;]<\/p>\n","protected":false},"author":4,"featured_media":1264,"comment_status":"open","ping_status":"open","sticky":false,"template":"","format":"standard","meta":{"spay_email":"","jetpack_publicize_message":""},"categories":[17,11],"tags":[],"jetpack_featured_media_url":"https:\/\/vdl-dev.coodesoft.com.ar\/wp-content\/uploads\/2020\/09\/oroquietacarlospj_296815312.jpg","jetpack_publicize_connections":[],"jetpack_sharing_enabled":true,"jetpack_shortlink":"https:\/\/wp.me\/paQJuC-kn","_links":{"self":[{"href":"https:\/\/vdl-dev.coodesoft.com.ar\/index.php\/wp-json\/wp\/v2\/posts\/1263"}],"collection":[{"href":"https:\/\/vdl-dev.coodesoft.com.ar\/index.php\/wp-json\/wp\/v2\/posts"}],"about":[{"href":"https:\/\/vdl-dev.coodesoft.com.ar\/index.php\/wp-json\/wp\/v2\/types\/post"}],"author":[{"embeddable":true,"href":"https:\/\/vdl-dev.coodesoft.com.ar\/index.php\/wp-json\/wp\/v2\/users\/4"}],"replies":[{"embeddable":true,"href":"https:\/\/vdl-dev.coodesoft.com.ar\/index.php\/wp-json\/wp\/v2\/comments?post=1263"}],"version-history":[{"count":1,"href":"https:\/\/vdl-dev.coodesoft.com.ar\/index.php\/wp-json\/wp\/v2\/posts\/1263\/revisions"}],"predecessor-version":[{"id":1267,"href":"https:\/\/vdl-dev.coodesoft.com.ar\/index.php\/wp-json\/wp\/v2\/posts\/1263\/revisions\/1267"}],"wp:featuredmedia":[{"embeddable":true,"href":"https:\/\/vdl-dev.coodesoft.com.ar\/index.php\/wp-json\/wp\/v2\/media\/1264"}],"wp:attachment":[{"href":"https:\/\/vdl-dev.coodesoft.com.ar\/index.php\/wp-json\/wp\/v2\/media?parent=1263"}],"wp:term":[{"taxonomy":"category","embeddable":true,"href":"https:\/\/vdl-dev.coodesoft.com.ar\/index.php\/wp-json\/wp\/v2\/categories?post=1263"},{"taxonomy":"post_tag","embeddable":true,"href":"https:\/\/vdl-dev.coodesoft.com.ar\/index.php\/wp-json\/wp\/v2\/tags?post=1263"}],"curies":[{"name":"wp","href":"https:\/\/api.w.org\/{rel}","templated":true}]}}