{"id":1274,"date":"2020-09-28T16:17:43","date_gmt":"2020-09-28T19:17:43","guid":{"rendered":"http:\/\/vocesdellangueyu.com.ar\/?p=1274"},"modified":"2020-09-28T16:20:47","modified_gmt":"2020-09-28T19:20:47","slug":"la-postura-del-frente-de-todos-sobre-la-ordenanza-para-regularizacion-dominial-de-villa-burgos","status":"publish","type":"post","link":"https:\/\/vdl-dev.coodesoft.com.ar\/index.php\/2020\/09\/28\/la-postura-del-frente-de-todos-sobre-la-ordenanza-para-regularizacion-dominial-de-villa-burgos\/","title":{"rendered":"LA POSTURA DEL FRENTE DE TODOS SOBRE LA ORDENANZA PARA REGULARIZACI\u00d3N DOMINIAL DE VILLA BURGOS"},"content":{"rendered":"\n<p>Mar\u00eda Lamarche, Concejal del Bloque&nbsp; Frente de Todos sostuvo que \u201ces una situaci\u00f3n\ntan compleja que no puede abordarse ni decidirse desde una Ordenanza y mucho\nmenos sin la participaci\u00f3n de qui\u00e9nes son sujetos centrales de la cuesti\u00f3n\u201d<\/p>\n\n\n\n<figure class=\"wp-block-audio\"><audio controls src=\"https:\/\/vocesdellangueyu.com.ar\/wp-content\/uploads\/2020\/09\/28-09-Lamarche-primera-parte0.mp3\"><\/audio><figcaption>Mar\u00eda Lamarche, Concejal del Frente de Todos<\/figcaption><\/figure>\n\n\n\n<figure class=\"wp-block-audio\"><audio controls src=\"https:\/\/vocesdellangueyu.com.ar\/wp-content\/uploads\/2020\/09\/28-09-Lamarche-segunda-parte0.mp3\"><\/audio><figcaption>Mar\u00eda Lamarche, Concejal Frente de Todos<\/figcaption><\/figure>\n\n\n\n<p>\u201cCuando se plantea la\nposibilidad de mejorarle la calidad de vida a estas familias no se necesita de\nesta Ordenanza si esa es la intenci\u00f3n\u2026 se puede trabajar en una intervenci\u00f3n\nintegral que permita restablecer derechos que han sido vulnerados\u2026 y mejorar la\ncalidad de vida de esas familias sin tener que avanzar con esta Ordenanza\u201d <\/p>\n\n\n\n<p>No es cierto que sea\nimposible llegar con la provisi\u00f3n de servicios b\u00e1sicos hasta el lugar. \u201cEn un\ndistrito donde se ha extendido la energ\u00eda el\u00e9ctrica por legua&nbsp; y leguas, es impensable que no se pueda hacer\na&nbsp; 3 kil\u00f3metros de la planta urbana, si\nse quiere trabajar en ese sentido se puede hacer\u201d, dijo<\/p>\n\n\n\n<p>Para la regularizaci\u00f3n\ndominial, una de las alternativas que presenta el oficialismo es la posibilidad\nde pasar la titularidad de los lotes a favor del Municipio, para que \u00e9ste luego\nlos restablezca a sus propietarios originales. <\/p>\n\n\n\n<p>\u201cEso es mucho m\u00e1s serio\u201d\nporque se tratan de tierras de propiedad privada se\u00f1al\u00f3 Lamarche, \u201chay\ngeneraciones de rauchenses que han poblado esas tierras y tienen distintos\ntipos de t\u00edtulos, nosotros tenemos que ser muy respetuosos de esos procesos\u201d.<\/p>\n","protected":false},"excerpt":{"rendered":"<p>Mar\u00eda Lamarche, Concejal del Bloque&nbsp; Frente de Todos sostuvo que \u201ces una situaci\u00f3n tan compleja que no puede abordarse ni decidirse desde una Ordenanza y mucho menos sin la participaci\u00f3n de qui\u00e9nes son sujetos centrales de la cuesti\u00f3n\u201d \u201cCuando se plantea la posibilidad de mejorarle la calidad de vida a estas familias no se necesita [&hellip;]<\/p>\n","protected":false},"author":4,"featured_media":982,"comment_status":"open","ping_status":"open","sticky":false,"template":"","format":"standard","meta":{"spay_email":"","jetpack_publicize_message":""},"categories":[17,11],"tags":[],"jetpack_featured_media_url":"https:\/\/vdl-dev.coodesoft.com.ar\/wp-content\/uploads\/2020\/09\/Maria-Lamarche-2.jpeg","jetpack_publicize_connections":[],"jetpack_sharing_enabled":true,"jetpack_shortlink":"https:\/\/wp.me\/paQJuC-ky","_links":{"self":[{"href":"https:\/\/vdl-dev.coodesoft.com.ar\/index.php\/wp-json\/wp\/v2\/posts\/1274"}],"collection":[{"href":"https:\/\/vdl-dev.coodesoft.com.ar\/index.php\/wp-json\/wp\/v2\/posts"}],"about":[{"href":"https:\/\/vdl-dev.coodesoft.com.ar\/index.php\/wp-json\/wp\/v2\/types\/post"}],"author":[{"embeddable":true,"href":"https:\/\/vdl-dev.coodesoft.com.ar\/index.php\/wp-json\/wp\/v2\/users\/4"}],"replies":[{"embeddable":true,"href":"https:\/\/vdl-dev.coodesoft.com.ar\/index.php\/wp-json\/wp\/v2\/comments?post=1274"}],"version-history":[{"count":2,"href":"https:\/\/vdl-dev.coodesoft.com.ar\/index.php\/wp-json\/wp\/v2\/posts\/1274\/revisions"}],"predecessor-version":[{"id":1279,"href":"https:\/\/vdl-dev.coodesoft.com.ar\/index.php\/wp-json\/wp\/v2\/posts\/1274\/revisions\/1279"}],"wp:featuredmedia":[{"embeddable":true,"href":"https:\/\/vdl-dev.coodesoft.com.ar\/index.php\/wp-json\/wp\/v2\/media\/982"}],"wp:attachment":[{"href":"https:\/\/vdl-dev.coodesoft.com.ar\/index.php\/wp-json\/wp\/v2\/media?parent=1274"}],"wp:term":[{"taxonomy":"category","embeddable":true,"href":"https:\/\/vdl-dev.coodesoft.com.ar\/index.php\/wp-json\/wp\/v2\/categories?post=1274"},{"taxonomy":"post_tag","embeddable":true,"href":"https:\/\/vdl-dev.coodesoft.com.ar\/index.php\/wp-json\/wp\/v2\/tags?post=1274"}],"curies":[{"name":"wp","href":"https:\/\/api.w.org\/{rel}","templated":true}]}}