{"id":1290,"date":"2020-09-29T16:03:25","date_gmt":"2020-09-29T19:03:25","guid":{"rendered":"http:\/\/vocesdellangueyu.com.ar\/?p=1290"},"modified":"2020-09-29T16:06:28","modified_gmt":"2020-09-29T19:06:28","slug":"siguen-los-cruces-entre-oficialismo-y-oposicion-por-villa-burgos","status":"publish","type":"post","link":"https:\/\/vdl-dev.coodesoft.com.ar\/index.php\/2020\/09\/29\/siguen-los-cruces-entre-oficialismo-y-oposicion-por-villa-burgos\/","title":{"rendered":"SIGUEN LOS CRUCES ENTRE OFICIALISMO Y OPOSICI\u00d3N POR VILLA BURGOS"},"content":{"rendered":"\n<figure class=\"wp-block-audio\"><audio controls src=\"https:\/\/vocesdellangueyu.com.ar\/wp-content\/uploads\/2020\/09\/29-09-Herrer\u00eda-primera-parte0.mp3\"><\/audio><figcaption>Lucrecia Herrer\u00eda, Concejal Frente para el Cambio<\/figcaption><\/figure>\n\n\n\n<figure class=\"wp-block-audio\"><audio controls src=\"https:\/\/vocesdellangueyu.com.ar\/wp-content\/uploads\/2020\/09\/29-09-Herrer\u00eda-segunda-parte0.mp3\"><\/audio><figcaption>Lucrec\u00eda Herrer\u00eda, Concejal Frente para el Cambio<\/figcaption><\/figure>\n\n\n\n<p>El Concejo\nDeliberante analizar\u00e1 un proyecto de regularizaci\u00f3n dominial en lotes de la\ndenominada Villa Burgos que present\u00f3 el oficialismo, y que tiene como objetivo\ngarantizar la tenencia legal de las tierras a quienes las ocupan o en caso de\npreferirlo, proponerles trasladarse a la planta urbana, donde podr\u00edan contar\ncon servicios b\u00e1sicos esenciales con los que en el lugar no cuentan. <\/p>\n\n\n\n<p>Mientras\nque desde la bancada de Cambiemos sostienen que servir\u00e1 para mejorarle la\ncalidad de vida de quienes all\u00ed viven, en el Frente de Todos aseguran que para lograrlo\ndeben agotarse los recursos para proveerles los servicios indispensables en el\nlugar donde viven.<\/p>\n\n\n\n<p>Argumentan\ncomo un contrasentido que mientras el Intendente tramita recursos para llevar\nel agua hasta all\u00ed ante el Gobierno Nacional, por otra parte est\u00e1n propiciando\nque algunas familias dejen de habitar el lugar y se radiquen en la planta\nurbana.<\/p>\n\n\n\n<p>La Presidenta del bloque oficialista Lucrecia Herrer\u00eda dijo\nque el documento hace&nbsp; m\u00e1s de un mes que\nest\u00e1 en estudio y que esperan avanzar este jueves en las reuniones de comisi\u00f3n\ndel deliberativo \u201cesperemos que se trate y avancemos en la comisiones este\njueves\u201d.<\/p>\n\n\n\n<p>\u201cSeguimos\nmanifestando que es un proyecto que apunta a la equidad social y a seguir\ntrabajando con pol\u00edticas que hace cinco a\u00f1os que viene promoviendo este\ngobierno que es la planificaci\u00f3n y ejecuci\u00f3n en cuanto a lo que es la materia\nde viviendas \u2026 es una herramienta m\u00e1s que tiene el Ejecutivo en cuanto a\ntransparencia\u201d.<\/p>\n\n\n\n<p>Una de las\nalternativas que el oficialismo plantea en la norma es que los vecinos que lo\nprefieran, puedan trasladarse a la planta urbana, para poder contar con los\nservicios esenciales, cosa que en los hechos en algunos casos est\u00e1 ocurriendo.<\/p>\n\n\n\n<p>Herrer\u00eda\nadmiti\u00f3 que si esa idea prospera, ser\u00e1 m\u00e1s dif\u00edcil que la obra de la llegada de\nlos servicios se concrete.<\/p>\n","protected":false},"excerpt":{"rendered":"<p>El Concejo Deliberante analizar\u00e1 un proyecto de regularizaci\u00f3n dominial en lotes de la denominada Villa Burgos que present\u00f3 el oficialismo, y que tiene como objetivo garantizar la tenencia legal de las tierras a quienes las ocupan o en caso de preferirlo, proponerles trasladarse a la planta urbana, donde podr\u00edan contar con servicios b\u00e1sicos esenciales con [&hellip;]<\/p>\n","protected":false},"author":4,"featured_media":1291,"comment_status":"open","ping_status":"open","sticky":false,"template":"","format":"standard","meta":{"spay_email":"","jetpack_publicize_message":""},"categories":[17,11,13],"tags":[],"jetpack_featured_media_url":"https:\/\/vdl-dev.coodesoft.com.ar\/wp-content\/uploads\/2020\/09\/herreria-L.jpeg","jetpack_publicize_connections":[],"jetpack_sharing_enabled":true,"jetpack_shortlink":"https:\/\/wp.me\/paQJuC-kO","_links":{"self":[{"href":"https:\/\/vdl-dev.coodesoft.com.ar\/index.php\/wp-json\/wp\/v2\/posts\/1290"}],"collection":[{"href":"https:\/\/vdl-dev.coodesoft.com.ar\/index.php\/wp-json\/wp\/v2\/posts"}],"about":[{"href":"https:\/\/vdl-dev.coodesoft.com.ar\/index.php\/wp-json\/wp\/v2\/types\/post"}],"author":[{"embeddable":true,"href":"https:\/\/vdl-dev.coodesoft.com.ar\/index.php\/wp-json\/wp\/v2\/users\/4"}],"replies":[{"embeddable":true,"href":"https:\/\/vdl-dev.coodesoft.com.ar\/index.php\/wp-json\/wp\/v2\/comments?post=1290"}],"version-history":[{"count":2,"href":"https:\/\/vdl-dev.coodesoft.com.ar\/index.php\/wp-json\/wp\/v2\/posts\/1290\/revisions"}],"predecessor-version":[{"id":1296,"href":"https:\/\/vdl-dev.coodesoft.com.ar\/index.php\/wp-json\/wp\/v2\/posts\/1290\/revisions\/1296"}],"wp:featuredmedia":[{"embeddable":true,"href":"https:\/\/vdl-dev.coodesoft.com.ar\/index.php\/wp-json\/wp\/v2\/media\/1291"}],"wp:attachment":[{"href":"https:\/\/vdl-dev.coodesoft.com.ar\/index.php\/wp-json\/wp\/v2\/media?parent=1290"}],"wp:term":[{"taxonomy":"category","embeddable":true,"href":"https:\/\/vdl-dev.coodesoft.com.ar\/index.php\/wp-json\/wp\/v2\/categories?post=1290"},{"taxonomy":"post_tag","embeddable":true,"href":"https:\/\/vdl-dev.coodesoft.com.ar\/index.php\/wp-json\/wp\/v2\/tags?post=1290"}],"curies":[{"name":"wp","href":"https:\/\/api.w.org\/{rel}","templated":true}]}}