{"id":1318,"date":"2020-09-30T15:39:53","date_gmt":"2020-09-30T18:39:53","guid":{"rendered":"http:\/\/vocesdellangueyu.com.ar\/?p=1318"},"modified":"2020-09-30T15:39:57","modified_gmt":"2020-09-30T18:39:57","slug":"debora-gutierrez-califico-de-complejo-el-tema-de-villa-burgos-y-pidio-escuchar-a-los-vecinos","status":"publish","type":"post","link":"https:\/\/vdl-dev.coodesoft.com.ar\/index.php\/2020\/09\/30\/debora-gutierrez-califico-de-complejo-el-tema-de-villa-burgos-y-pidio-escuchar-a-los-vecinos\/","title":{"rendered":"D\u00c9BORA GUTI\u00c9RREZ CALIFIC\u00d3 DE \u201cCOMPLEJO\u201d EL TEMA DE VILLA BURGOS Y PIDI\u00d3 \u201cESCUCHAR A LOS  VECINOS\u201d"},"content":{"rendered":"\n<p>La concejal D\u00e9bora Guti\u00e9rrez,\ndel bloque unipersonal Rauch por la Inclusi\u00f3n calific\u00f3 como \u201ccomplejo\u201d el panorama en\nla zona denominada como \u201cVilla Burgos\u201d, terrenos sobre los cuales un proyecto\nimpulsado por el oficialismo intenta avanzar sobre la regularizaci\u00f3n dominial\nde quienes all\u00ed residen.<\/p>\n\n\n\n<figure class=\"wp-block-audio\"><audio controls src=\"https:\/\/vocesdellangueyu.com.ar\/wp-content\/uploads\/2020\/09\/30-09-Gutierrez-Villa-Burgos0.mp3\"><\/audio><figcaption>D\u00e9bora Guiti\u00e9rrez Concejal por el bloque Rauch por la Inclusi\u00f3n<\/figcaption><\/figure>\n\n\n\n<p>El tratamiento de la\niniciativa \u201cno tiene que darse con tanto apuro\u201d dijo Guti\u00e9rrez, quien record\u00f3\nque \u201clas familias est\u00e1n esperando que est\u00e9n garantizados sus derechos desde\nhace much\u00edsimo tiempo\u2026 hay que tener en cuenta a los vecinos y vecinas,\nescucharlos\u2026 hay que llamar a todos los sectores que han venido trabajando\ndesde hace a\u00f1os en Villa Burgos\u2026\u201d<\/p>\n\n\n\n<p>\u201cHay presentaciones en la\nDefensor\u00eda del Pueblo, esto debe ser un trabajo conjunto, cuanto m\u00e1s se ampl\u00ede\nla participaci\u00f3n m\u00e1s rico ser\u00e1 el proyecto\u201d.<\/p>\n\n\n\n<p>\u201cHay que escuchar a los vecinos,\nsaber d\u00f3nde quieren vivir, es una cuesti\u00f3n que se debe trabajar mucho\u201d<\/p>\n","protected":false},"excerpt":{"rendered":"<p>La concejal D\u00e9bora Guti\u00e9rrez, del bloque unipersonal Rauch por la Inclusi\u00f3n calific\u00f3 como \u201ccomplejo\u201d el panorama en la zona denominada como \u201cVilla Burgos\u201d, terrenos sobre los cuales un proyecto impulsado por el oficialismo intenta avanzar sobre la regularizaci\u00f3n dominial de quienes all\u00ed residen. El tratamiento de la iniciativa \u201cno tiene que darse con tanto apuro\u201d [&hellip;]<\/p>\n","protected":false},"author":4,"featured_media":1319,"comment_status":"open","ping_status":"open","sticky":false,"template":"","format":"standard","meta":{"spay_email":"","jetpack_publicize_message":""},"categories":[17,11,13],"tags":[],"jetpack_featured_media_url":"https:\/\/vdl-dev.coodesoft.com.ar\/wp-content\/uploads\/2020\/09\/villa-burgos.jpeg","jetpack_publicize_connections":[],"jetpack_sharing_enabled":true,"jetpack_shortlink":"https:\/\/wp.me\/paQJuC-lg","_links":{"self":[{"href":"https:\/\/vdl-dev.coodesoft.com.ar\/index.php\/wp-json\/wp\/v2\/posts\/1318"}],"collection":[{"href":"https:\/\/vdl-dev.coodesoft.com.ar\/index.php\/wp-json\/wp\/v2\/posts"}],"about":[{"href":"https:\/\/vdl-dev.coodesoft.com.ar\/index.php\/wp-json\/wp\/v2\/types\/post"}],"author":[{"embeddable":true,"href":"https:\/\/vdl-dev.coodesoft.com.ar\/index.php\/wp-json\/wp\/v2\/users\/4"}],"replies":[{"embeddable":true,"href":"https:\/\/vdl-dev.coodesoft.com.ar\/index.php\/wp-json\/wp\/v2\/comments?post=1318"}],"version-history":[{"count":1,"href":"https:\/\/vdl-dev.coodesoft.com.ar\/index.php\/wp-json\/wp\/v2\/posts\/1318\/revisions"}],"predecessor-version":[{"id":1321,"href":"https:\/\/vdl-dev.coodesoft.com.ar\/index.php\/wp-json\/wp\/v2\/posts\/1318\/revisions\/1321"}],"wp:featuredmedia":[{"embeddable":true,"href":"https:\/\/vdl-dev.coodesoft.com.ar\/index.php\/wp-json\/wp\/v2\/media\/1319"}],"wp:attachment":[{"href":"https:\/\/vdl-dev.coodesoft.com.ar\/index.php\/wp-json\/wp\/v2\/media?parent=1318"}],"wp:term":[{"taxonomy":"category","embeddable":true,"href":"https:\/\/vdl-dev.coodesoft.com.ar\/index.php\/wp-json\/wp\/v2\/categories?post=1318"},{"taxonomy":"post_tag","embeddable":true,"href":"https:\/\/vdl-dev.coodesoft.com.ar\/index.php\/wp-json\/wp\/v2\/tags?post=1318"}],"curies":[{"name":"wp","href":"https:\/\/api.w.org\/{rel}","templated":true}]}}