{"id":1323,"date":"2020-09-30T15:48:11","date_gmt":"2020-09-30T18:48:11","guid":{"rendered":"http:\/\/vocesdellangueyu.com.ar\/?p=1323"},"modified":"2020-09-30T15:49:04","modified_gmt":"2020-09-30T18:49:04","slug":"gutierrez-pidio-un-estado-presente-para-abordar-el-problema-de-la-inseguridad-que-denuncian-vecinos-del-mit","status":"publish","type":"post","link":"https:\/\/vdl-dev.coodesoft.com.ar\/index.php\/2020\/09\/30\/gutierrez-pidio-un-estado-presente-para-abordar-el-problema-de-la-inseguridad-que-denuncian-vecinos-del-mit\/","title":{"rendered":"GUTI\u00c9RREZ PIDI\u00d3 UN \u201cESTADO PRESENTE\u201d PARA ABORDAR EL PROBLEMA DE LA INSEGURIDAD QUE DENUNCIAN VECINOS DEL MIT"},"content":{"rendered":"\n<p>La concejal D\u00e9bora Guti\u00e9rrez,\nde Rauch por la Inclusi\u00f3n,\nse refiri\u00f3 a la carta que presentaron vecinos del barrio MIT, en la que\nplantean problemas de inseguridad y violencia que se viven en el barrio,\nprotagonizados por otros vecinos que all\u00ed viven.<\/p>\n\n\n\n<figure class=\"wp-block-audio\"><audio controls src=\"https:\/\/vocesdellangueyu.com.ar\/wp-content\/uploads\/2020\/09\/30-09-Gutierrez-MIT0.mp3\"><\/audio><figcaption>D\u00e9bora Guti\u00e9rrez, Concejal Rauch por la Inclusi\u00f3n <\/figcaption><\/figure>\n\n\n\n<p>Habl\u00f3 de la necesidad de un\n\u201cEstado presente\u201d y plante\u00f3 dudas sobre el rol que juegan los NIDOS, un \u00e1mbito\na trav\u00e9s del cual el Ejecutivo pudo haber detectado los conflictos sociales que\nall\u00ed se daban.<\/p>\n\n\n\n<p>Guti\u00e9rrez sostuvo que\n\u201ces&nbsp; comprensible la preocupaci\u00f3n de\nlos&nbsp; vecinos en cuanto a las problem\u00e1ticas\nsociales del barrio, lo que se necesita es un plan de acci\u00f3n, un trabajo\nsistem\u00e1tico y contin\u00fao, un trabajo en red para fortalecer los&nbsp; v\u00ednculo y la prevenci\u00f3n, tiene que haber un\nEstado presente acompa\u00f1ando y sosteniendo\u201d.<\/p>\n","protected":false},"excerpt":{"rendered":"<p>La concejal D\u00e9bora Guti\u00e9rrez, de Rauch por la Inclusi\u00f3n, se refiri\u00f3 a la carta que presentaron vecinos del barrio MIT, en la que plantean problemas de inseguridad y violencia que se viven en el barrio, protagonizados por otros vecinos que all\u00ed viven. Habl\u00f3 de la necesidad de un \u201cEstado presente\u201d y plante\u00f3 dudas sobre el [&hellip;]<\/p>\n","protected":false},"author":4,"featured_media":424,"comment_status":"open","ping_status":"open","sticky":false,"template":"","format":"standard","meta":{"spay_email":"","jetpack_publicize_message":""},"categories":[17,11,13],"tags":[],"jetpack_featured_media_url":"https:\/\/vdl-dev.coodesoft.com.ar\/wp-content\/uploads\/2020\/06\/guiterrez.jpg","jetpack_publicize_connections":[],"jetpack_sharing_enabled":true,"jetpack_shortlink":"https:\/\/wp.me\/paQJuC-ll","_links":{"self":[{"href":"https:\/\/vdl-dev.coodesoft.com.ar\/index.php\/wp-json\/wp\/v2\/posts\/1323"}],"collection":[{"href":"https:\/\/vdl-dev.coodesoft.com.ar\/index.php\/wp-json\/wp\/v2\/posts"}],"about":[{"href":"https:\/\/vdl-dev.coodesoft.com.ar\/index.php\/wp-json\/wp\/v2\/types\/post"}],"author":[{"embeddable":true,"href":"https:\/\/vdl-dev.coodesoft.com.ar\/index.php\/wp-json\/wp\/v2\/users\/4"}],"replies":[{"embeddable":true,"href":"https:\/\/vdl-dev.coodesoft.com.ar\/index.php\/wp-json\/wp\/v2\/comments?post=1323"}],"version-history":[{"count":2,"href":"https:\/\/vdl-dev.coodesoft.com.ar\/index.php\/wp-json\/wp\/v2\/posts\/1323\/revisions"}],"predecessor-version":[{"id":1326,"href":"https:\/\/vdl-dev.coodesoft.com.ar\/index.php\/wp-json\/wp\/v2\/posts\/1323\/revisions\/1326"}],"wp:featuredmedia":[{"embeddable":true,"href":"https:\/\/vdl-dev.coodesoft.com.ar\/index.php\/wp-json\/wp\/v2\/media\/424"}],"wp:attachment":[{"href":"https:\/\/vdl-dev.coodesoft.com.ar\/index.php\/wp-json\/wp\/v2\/media?parent=1323"}],"wp:term":[{"taxonomy":"category","embeddable":true,"href":"https:\/\/vdl-dev.coodesoft.com.ar\/index.php\/wp-json\/wp\/v2\/categories?post=1323"},{"taxonomy":"post_tag","embeddable":true,"href":"https:\/\/vdl-dev.coodesoft.com.ar\/index.php\/wp-json\/wp\/v2\/tags?post=1323"}],"curies":[{"name":"wp","href":"https:\/\/api.w.org\/{rel}","templated":true}]}}