{"id":1328,"date":"2020-09-30T15:52:10","date_gmt":"2020-09-30T18:52:10","guid":{"rendered":"http:\/\/vocesdellangueyu.com.ar\/?p=1328"},"modified":"2020-09-30T15:52:14","modified_gmt":"2020-09-30T18:52:14","slug":"passeggi-defendio-el-accionar-policial-y-pidio-que-los-abusos-se-denuncien-en-la-justicia-tras-el-pronunciamiento-de-un-colectivo-de-jovenes","status":"publish","type":"post","link":"https:\/\/vdl-dev.coodesoft.com.ar\/index.php\/2020\/09\/30\/passeggi-defendio-el-accionar-policial-y-pidio-que-los-abusos-se-denuncien-en-la-justicia-tras-el-pronunciamiento-de-un-colectivo-de-jovenes\/","title":{"rendered":"PASSEGGI DEFENDI\u00d3 EL ACCIONAR POLICIAL Y PIDI\u00d3 QUE LOS ABUSOS SE DENUNCIEN EN LA JUSTICIA TRAS EL PRONUNCIAMIENTO DE UN COLECTIVO DE J\u00d3VENES"},"content":{"rendered":"\n<p>La titular de la Direcci\u00f3n de Seguridad\ndel Municipio Delfina Passeggi se refiri\u00f3 al comunicado del colectivo de\nj\u00f3venes contra la violencia institucional que denunci\u00f3 abuso policial en un\nprocedimiento que tuvo lugar en la madrugada del domingo 13 de septiembre en\navenida Per\u00f3n al 191 en el que un joven fue aprehendido mientras participaba de\nuna reuni\u00f3n social.<\/p>\n\n\n\n<figure class=\"wp-block-audio\"><audio controls src=\"https:\/\/vocesdellangueyu.com.ar\/wp-content\/uploads\/2020\/09\/30-09-Passeggi-primera-parte0.mp3\"><\/audio><figcaption>Delfina Passeggi, Direcci\u00f3n de Seguridad del Municipio<\/figcaption><\/figure>\n\n\n\n<p>Dijo que est\u00e1n en todo su\nderecho de manifestarse, pero que el Estado Municipal brind\u00f3 las respuestas que\nse le reclaman, cuando el Intendente Municipal recibi\u00f3 el lunes siguiente al\njoven involucrado y su padre, y que las denuncias deben hacerse en la Justicia.<\/p>\n\n\n\n<p>\u201cNo considero que haya\nviolencia institucional. Hay que aprender a respetar las directivas que se dan,\nm\u00e1s en este momento que&nbsp; est\u00e1n prohibidas\nlas reuniones multitudinarias\u201d se\u00f1al\u00f3 la funcionaria.<\/p>\n\n\n\n<p>\u201cSi tienen alg\u00fan problema con\nel accionar policial que vayan a la fiscal\u00eda y denuncien\u201d, expres\u00f3 Passeggi.<\/p>\n\n\n\n<p>Passeggi insisti\u00f3 adem\u00e1s con\nque el procedimiento en cuesti\u00f3n se realiz\u00f3 como correspond\u00eda. \u201cSe procedi\u00f3\ncomo se deb\u00eda proceder\u201d subray\u00f3.<\/p>\n","protected":false},"excerpt":{"rendered":"<p>La titular de la Direcci\u00f3n de Seguridad del Municipio Delfina Passeggi se refiri\u00f3 al comunicado del colectivo de j\u00f3venes contra la violencia institucional que denunci\u00f3 abuso policial en un procedimiento que tuvo lugar en la madrugada del domingo 13 de septiembre en avenida Per\u00f3n al 191 en el que un joven fue aprehendido mientras participaba [&hellip;]<\/p>\n","protected":false},"author":4,"featured_media":1329,"comment_status":"open","ping_status":"open","sticky":false,"template":"","format":"standard","meta":{"spay_email":"","jetpack_publicize_message":""},"categories":[16,17,11],"tags":[],"jetpack_featured_media_url":"https:\/\/vdl-dev.coodesoft.com.ar\/wp-content\/uploads\/2020\/09\/delfina.jpeg","jetpack_publicize_connections":[],"jetpack_sharing_enabled":true,"jetpack_shortlink":"https:\/\/wp.me\/paQJuC-lq","_links":{"self":[{"href":"https:\/\/vdl-dev.coodesoft.com.ar\/index.php\/wp-json\/wp\/v2\/posts\/1328"}],"collection":[{"href":"https:\/\/vdl-dev.coodesoft.com.ar\/index.php\/wp-json\/wp\/v2\/posts"}],"about":[{"href":"https:\/\/vdl-dev.coodesoft.com.ar\/index.php\/wp-json\/wp\/v2\/types\/post"}],"author":[{"embeddable":true,"href":"https:\/\/vdl-dev.coodesoft.com.ar\/index.php\/wp-json\/wp\/v2\/users\/4"}],"replies":[{"embeddable":true,"href":"https:\/\/vdl-dev.coodesoft.com.ar\/index.php\/wp-json\/wp\/v2\/comments?post=1328"}],"version-history":[{"count":1,"href":"https:\/\/vdl-dev.coodesoft.com.ar\/index.php\/wp-json\/wp\/v2\/posts\/1328\/revisions"}],"predecessor-version":[{"id":1331,"href":"https:\/\/vdl-dev.coodesoft.com.ar\/index.php\/wp-json\/wp\/v2\/posts\/1328\/revisions\/1331"}],"wp:featuredmedia":[{"embeddable":true,"href":"https:\/\/vdl-dev.coodesoft.com.ar\/index.php\/wp-json\/wp\/v2\/media\/1329"}],"wp:attachment":[{"href":"https:\/\/vdl-dev.coodesoft.com.ar\/index.php\/wp-json\/wp\/v2\/media?parent=1328"}],"wp:term":[{"taxonomy":"category","embeddable":true,"href":"https:\/\/vdl-dev.coodesoft.com.ar\/index.php\/wp-json\/wp\/v2\/categories?post=1328"},{"taxonomy":"post_tag","embeddable":true,"href":"https:\/\/vdl-dev.coodesoft.com.ar\/index.php\/wp-json\/wp\/v2\/tags?post=1328"}],"curies":[{"name":"wp","href":"https:\/\/api.w.org\/{rel}","templated":true}]}}