{"id":1351,"date":"2020-10-01T16:12:01","date_gmt":"2020-10-01T19:12:01","guid":{"rendered":"http:\/\/vocesdellangueyu.com.ar\/?p=1351"},"modified":"2020-10-01T16:15:07","modified_gmt":"2020-10-01T19:15:07","slug":"rosana-velez-dijo-que-no-tener-casos-de-coronavirus-nos-deja-mas-preocupados-porque-hay-que-seguir-trabajando-para-que-no-llegue","status":"publish","type":"post","link":"https:\/\/vdl-dev.coodesoft.com.ar\/index.php\/2020\/10\/01\/rosana-velez-dijo-que-no-tener-casos-de-coronavirus-nos-deja-mas-preocupados-porque-hay-que-seguir-trabajando-para-que-no-llegue\/","title":{"rendered":"ROSANA V\u00c9LEZ DIJO QUE NO TENER CASOS DE CORONAVIRUS \u201cNOS DEJA M\u00c1S PREOCUPADOS\u201d PORQUE \u201cHAY QUE SEGUIR TRABAJANDO PARA QUE NO LLEGUE\u201d"},"content":{"rendered":"\n<p>No tener casos confirmados de\ncoronavirus en Rauch, lejos de relajar el accionar de las autoridades\nsanitarias \u201cnos deja m\u00e1s preocupados\u2026 porque hay que seguir trabajando para\nevitar que llegue. El foco est\u00e1 puesto en los controles de afuera del pueblo\u2026\u201d\nseg\u00fan relat\u00f3 esta ma\u00f1ana Rosana Velez, Subdirectora del Sistema Municipal de\nSalud.<\/p>\n\n\n\n<p>Velez se refiri\u00f3 al nivel de\nacatamiento de las recomendaciones y medidas que se adoptan para frenar el\ningreso del virus: \u201cel gran porcentaje de la gente colabora (cuando viajan)\u2026\u201d e\ninforman los destinos y acuerdan las pautas sanitarias a seguir, pero aclar\u00f3\nque tambi\u00e9n est\u00e1n los que no lo hacen porque \u201cpiensan que es una avivada\u201d.<\/p>\n\n\n\n<p>\u201cUn poco estresa, te\ndesvaloriza y te hace sentir muy mal\u2026 un poco de impotencia te da, porque se\ntrabaja mucho y por dos o tres situaciones se ve empa\u00f1ado el resto\u201d \u201cse ha\npuesto el foco en lo que no se hace y no en lo que se hace\u201d reflexion\u00f3.<\/p>\n\n\n\n<p>Adem\u00e1s describi\u00f3 que muchos\nvecinos a los que se les advierte del incumplimiento de alguna de las normas\nsanitarias vigentes maltrata al personal a cargo de la tarea. \u201cA m\u00ed me da\nverg\u00fcenza muchas veces, porque somos todos grandes\u2026\u201d<\/p>\n\n\n\n<p>En muchas ocasiones las\nautoridades municipales han manifestado que Rauch se encuentra en condiciones\nde enfrentar una crisis sanitaria si apareciera el virus.<\/p>\n\n\n\n<p>Sin embargo, en la actualidad\nlas cuatro camas de la Sala de Terapia Intensiva se encuentran ocupadas \u2013con\npacientes que padecen otras patolog\u00edas-, y hay una de emergencia&nbsp; en la Sala de Guardia del Hospital local,\nseg\u00fan describi\u00f3 la&nbsp; propia funcionaria.<\/p>\n\n\n\n<p>Lo que mantiene con cierta tranquilidad a los funcionarios del \u00e1rea de salud es que seg\u00fan las estad\u00edsticas, el 90% de quienes contraen el Covid 19 transcurren la enfermedad en sus domicilios, pero \u201cno sabemos a qui\u00e9n le va a tocar al parte grave y a cu\u00e1ntos vana a ser los graves\u201d dijo V\u00e9lez.<\/p>\n\n\n\n<figure class=\"wp-block-audio\"><audio controls src=\"https:\/\/vocesdellangueyu.com.ar\/wp-content\/uploads\/2020\/10\/1-10-Velez-primera-parte0.mp3\"><\/audio><figcaption>Rosana V\u00e9lez, Subdirectora del Sistema Municipal de Salud<\/figcaption><\/figure>\n","protected":false},"excerpt":{"rendered":"<p>No tener casos confirmados de coronavirus en Rauch, lejos de relajar el accionar de las autoridades sanitarias \u201cnos deja m\u00e1s preocupados\u2026 porque hay que seguir trabajando para evitar que llegue. El foco est\u00e1 puesto en los controles de afuera del pueblo\u2026\u201d seg\u00fan relat\u00f3 esta ma\u00f1ana Rosana Velez, Subdirectora del Sistema Municipal de Salud. Velez se [&hellip;]<\/p>\n","protected":false},"author":4,"featured_media":531,"comment_status":"open","ping_status":"open","sticky":false,"template":"","format":"standard","meta":{"spay_email":"","jetpack_publicize_message":""},"categories":[17,11],"tags":[],"jetpack_featured_media_url":"https:\/\/vdl-dev.coodesoft.com.ar\/wp-content\/uploads\/2020\/07\/velez-rosana.jpg","jetpack_publicize_connections":[],"jetpack_sharing_enabled":true,"jetpack_shortlink":"https:\/\/wp.me\/paQJuC-lN","_links":{"self":[{"href":"https:\/\/vdl-dev.coodesoft.com.ar\/index.php\/wp-json\/wp\/v2\/posts\/1351"}],"collection":[{"href":"https:\/\/vdl-dev.coodesoft.com.ar\/index.php\/wp-json\/wp\/v2\/posts"}],"about":[{"href":"https:\/\/vdl-dev.coodesoft.com.ar\/index.php\/wp-json\/wp\/v2\/types\/post"}],"author":[{"embeddable":true,"href":"https:\/\/vdl-dev.coodesoft.com.ar\/index.php\/wp-json\/wp\/v2\/users\/4"}],"replies":[{"embeddable":true,"href":"https:\/\/vdl-dev.coodesoft.com.ar\/index.php\/wp-json\/wp\/v2\/comments?post=1351"}],"version-history":[{"count":2,"href":"https:\/\/vdl-dev.coodesoft.com.ar\/index.php\/wp-json\/wp\/v2\/posts\/1351\/revisions"}],"predecessor-version":[{"id":1356,"href":"https:\/\/vdl-dev.coodesoft.com.ar\/index.php\/wp-json\/wp\/v2\/posts\/1351\/revisions\/1356"}],"wp:featuredmedia":[{"embeddable":true,"href":"https:\/\/vdl-dev.coodesoft.com.ar\/index.php\/wp-json\/wp\/v2\/media\/531"}],"wp:attachment":[{"href":"https:\/\/vdl-dev.coodesoft.com.ar\/index.php\/wp-json\/wp\/v2\/media?parent=1351"}],"wp:term":[{"taxonomy":"category","embeddable":true,"href":"https:\/\/vdl-dev.coodesoft.com.ar\/index.php\/wp-json\/wp\/v2\/categories?post=1351"},{"taxonomy":"post_tag","embeddable":true,"href":"https:\/\/vdl-dev.coodesoft.com.ar\/index.php\/wp-json\/wp\/v2\/tags?post=1351"}],"curies":[{"name":"wp","href":"https:\/\/api.w.org\/{rel}","templated":true}]}}