{"id":1358,"date":"2020-10-01T16:23:27","date_gmt":"2020-10-01T19:23:27","guid":{"rendered":"http:\/\/vocesdellangueyu.com.ar\/?p=1358"},"modified":"2020-10-01T16:23:32","modified_gmt":"2020-10-01T19:23:32","slug":"el-colectivo-de-jovenes-contra-la-violencia-institucional-ratifico-sus-denuncias-contra-la-violencia-institucional","status":"publish","type":"post","link":"https:\/\/vdl-dev.coodesoft.com.ar\/index.php\/2020\/10\/01\/el-colectivo-de-jovenes-contra-la-violencia-institucional-ratifico-sus-denuncias-contra-la-violencia-institucional\/","title":{"rendered":"EL COLECTIVO DE J\u00d3VENES CONTRA LA VIOLENCIA INSTITUCIONAL RATIFIC\u00d3 SUS DENUNCIAS CONTRA LA VIOLENCIA INSTITUCIONAL"},"content":{"rendered":"\n<p>Daniel Mar\u00edn, uno de los\nmiembros del Colectivo de J\u00f3venes Contra la Violencia Institucional, ratific\u00f3\nlos aspectos principales del comunicado que la organizaci\u00f3n emiti\u00f3 esta semana,\nen el que denuncia violencia institucional por el abuso y exceso que efectivos\npoliciales pusieron de manifiesto en un operativo que se realiz\u00f3 durante la\nmadrugada del domingo 13 de septiembre en un domicilio de Avenida Per\u00f3n 191 de\nnuestra ciudad.<\/p>\n\n\n\n<figure class=\"wp-block-audio\"><audio controls src=\"https:\/\/vocesdellangueyu.com.ar\/wp-content\/uploads\/2020\/10\/1-10-Mar\u00edn-primera-parte0-1.mp3\"><\/audio><figcaption>Daniel Mar\u00edn, Colectivo de j\u00f3venes contra la violencia institucional<\/figcaption><\/figure>\n\n\n\n<p>\u201cEntendemos que es necesario\nponer estas discusiones y situaciones que algunas se han hecho visibles y otras\nno, la violencia institucional es frecuente en el pueblo\u201d.<\/p>\n\n\n\n<p>Mar\u00edn destac\u00f3 que han llegado\nrepercusiones positivas y negativas y que \u201cesperaban una respuesta as\u00ed de\nPasseggi, muchas de las situaciones que plante\u00f3 Delfina no son as\u00ed\u201d.<\/p>\n\n\n\n<p>Mar\u00edn expres\u00f3 que son\noptimistas en cuanto a que creen que las autoridades municipales podr\u00e1n generar\nun \u00e1mbito donde se puedan discutir estas cuestiones<\/p>\n","protected":false},"excerpt":{"rendered":"<p>Daniel Mar\u00edn, uno de los miembros del Colectivo de J\u00f3venes Contra la Violencia Institucional, ratific\u00f3 los aspectos principales del comunicado que la organizaci\u00f3n emiti\u00f3 esta semana, en el que denuncia violencia institucional por el abuso y exceso que efectivos policiales pusieron de manifiesto en un operativo que se realiz\u00f3 durante la madrugada del domingo 13 [&hellip;]<\/p>\n","protected":false},"author":4,"featured_media":1359,"comment_status":"open","ping_status":"open","sticky":false,"template":"","format":"standard","meta":{"spay_email":"","jetpack_publicize_message":""},"categories":[17,11,13],"tags":[],"jetpack_featured_media_url":"https:\/\/vdl-dev.coodesoft.com.ar\/wp-content\/uploads\/2020\/10\/marin.jpeg","jetpack_publicize_connections":[],"jetpack_sharing_enabled":true,"jetpack_shortlink":"https:\/\/wp.me\/paQJuC-lU","_links":{"self":[{"href":"https:\/\/vdl-dev.coodesoft.com.ar\/index.php\/wp-json\/wp\/v2\/posts\/1358"}],"collection":[{"href":"https:\/\/vdl-dev.coodesoft.com.ar\/index.php\/wp-json\/wp\/v2\/posts"}],"about":[{"href":"https:\/\/vdl-dev.coodesoft.com.ar\/index.php\/wp-json\/wp\/v2\/types\/post"}],"author":[{"embeddable":true,"href":"https:\/\/vdl-dev.coodesoft.com.ar\/index.php\/wp-json\/wp\/v2\/users\/4"}],"replies":[{"embeddable":true,"href":"https:\/\/vdl-dev.coodesoft.com.ar\/index.php\/wp-json\/wp\/v2\/comments?post=1358"}],"version-history":[{"count":1,"href":"https:\/\/vdl-dev.coodesoft.com.ar\/index.php\/wp-json\/wp\/v2\/posts\/1358\/revisions"}],"predecessor-version":[{"id":1361,"href":"https:\/\/vdl-dev.coodesoft.com.ar\/index.php\/wp-json\/wp\/v2\/posts\/1358\/revisions\/1361"}],"wp:featuredmedia":[{"embeddable":true,"href":"https:\/\/vdl-dev.coodesoft.com.ar\/index.php\/wp-json\/wp\/v2\/media\/1359"}],"wp:attachment":[{"href":"https:\/\/vdl-dev.coodesoft.com.ar\/index.php\/wp-json\/wp\/v2\/media?parent=1358"}],"wp:term":[{"taxonomy":"category","embeddable":true,"href":"https:\/\/vdl-dev.coodesoft.com.ar\/index.php\/wp-json\/wp\/v2\/categories?post=1358"},{"taxonomy":"post_tag","embeddable":true,"href":"https:\/\/vdl-dev.coodesoft.com.ar\/index.php\/wp-json\/wp\/v2\/tags?post=1358"}],"curies":[{"name":"wp","href":"https:\/\/api.w.org\/{rel}","templated":true}]}}