{"id":1365,"date":"2020-10-05T16:35:47","date_gmt":"2020-10-05T19:35:47","guid":{"rendered":"http:\/\/vocesdellangueyu.com.ar\/?p=1365"},"modified":"2020-10-05T16:39:15","modified_gmt":"2020-10-05T19:39:15","slug":"el-oficialismo-le-dio-despacho-y-la-regularizacion-dominial-en-villa-burgos-esta-cada-vez-mas-cerca","status":"publish","type":"post","link":"https:\/\/vdl-dev.coodesoft.com.ar\/index.php\/2020\/10\/05\/el-oficialismo-le-dio-despacho-y-la-regularizacion-dominial-en-villa-burgos-esta-cada-vez-mas-cerca\/","title":{"rendered":"EL OFICIALISMO LE DIO DESPACHO, Y LA REGULARIZACI\u00d3N DOMINIAL EN \u201cVILLA BURGOS\u201d EST\u00c1 CADA VEZ M\u00c1S CERCA"},"content":{"rendered":"\n<figure class=\"wp-block-audio\"><audio controls src=\"https:\/\/vocesdellangueyu.com.ar\/wp-content\/uploads\/2020\/10\/5-10-Alberro-primera-parte0.mp3\"><\/audio><figcaption>Juan Alberro, Concejal Frente Cambiemos<\/figcaption><\/figure>\n\n\n\n<figure class=\"wp-block-audio\"><audio controls src=\"https:\/\/vocesdellangueyu.com.ar\/wp-content\/uploads\/2020\/10\/5-10-Alberro-segunda-parte0.mp3\"><\/audio><figcaption>Juan Alberro, Concejal Frente Cambiemos<\/figcaption><\/figure>\n\n\n\n<p>El bloque de concejales de\nCambiemos avanza con el proyecto de la regularizaci\u00f3n de situaci\u00f3n dominial de\nquienes viven en terrenos de la denominada \u201cVilla Burgos\u201d y la iniciativa que present\u00f3\nse podr\u00eda tratar en la sesi\u00f3n Ordinaria del deliberativo del martes 20 de este\nmes.<\/p>\n\n\n\n<p>El concejal Juan Alberro, del\noficialismo, brind\u00f3 detalles de cu\u00e1l fue el abordaje del tema en las reuniones\nde comisiones del jueves pasado.<\/p>\n\n\n\n<p>Desde el bloque oficialista se\nexplic\u00f3 en \u201cl\u00edneas generales de que trata el proyecto, luego se abri\u00f3 a\npreguntas, hubo un intercambio de ideas entre los dos bloques, se pudo dialogar\u201d,\nen la segunda sesi\u00f3n de octubre se volver\u00e1 a tratar y \u201csi se requiere m\u00e1s\ntiempo se dar\u00e1 m\u00e1s tiempo\u201d.<\/p>\n\n\n\n<p>Esta herramienta se utiliz\u00f3\nen Barrio Galv\u00e1n y en Villa Gonz\u00e1lez \u201clas personas que habitan esos lotes ceden\nsu posesi\u00f3n al Municipio que es quien hace todos los tr\u00e1mites de escrituraci\u00f3n y\nuna vez que lo tiene dividido, aprobados los planos y en posibilidad de\nescriturar vuelve a adjudic\u00e1rselo a las familias\u201d.<\/p>\n\n\n\n<p>Alberro insisti\u00f3 que la\niniciativa que impulsa el bloque del oficialismo de regularizar la tenencia de\nlas tierras que ocupan \u201cno es algo forzoso, es voluntario, si el vecino tiene\nregularizado el dominio no lo va&nbsp; a utilizar\u201d.<\/p>\n","protected":false},"excerpt":{"rendered":"<p>El bloque de concejales de Cambiemos avanza con el proyecto de la regularizaci\u00f3n de situaci\u00f3n dominial de quienes viven en terrenos de la denominada \u201cVilla Burgos\u201d y la iniciativa que present\u00f3 se podr\u00eda tratar en la sesi\u00f3n Ordinaria del deliberativo del martes 20 de este mes. El concejal Juan Alberro, del oficialismo, brind\u00f3 detalles de [&hellip;]<\/p>\n","protected":false},"author":4,"featured_media":1366,"comment_status":"open","ping_status":"open","sticky":false,"template":"","format":"standard","meta":{"spay_email":"","jetpack_publicize_message":""},"categories":[17,11,13],"tags":[],"jetpack_featured_media_url":"https:\/\/vdl-dev.coodesoft.com.ar\/wp-content\/uploads\/2020\/10\/alberro-concejal.jpeg","jetpack_publicize_connections":[],"jetpack_sharing_enabled":true,"jetpack_shortlink":"https:\/\/wp.me\/paQJuC-m1","_links":{"self":[{"href":"https:\/\/vdl-dev.coodesoft.com.ar\/index.php\/wp-json\/wp\/v2\/posts\/1365"}],"collection":[{"href":"https:\/\/vdl-dev.coodesoft.com.ar\/index.php\/wp-json\/wp\/v2\/posts"}],"about":[{"href":"https:\/\/vdl-dev.coodesoft.com.ar\/index.php\/wp-json\/wp\/v2\/types\/post"}],"author":[{"embeddable":true,"href":"https:\/\/vdl-dev.coodesoft.com.ar\/index.php\/wp-json\/wp\/v2\/users\/4"}],"replies":[{"embeddable":true,"href":"https:\/\/vdl-dev.coodesoft.com.ar\/index.php\/wp-json\/wp\/v2\/comments?post=1365"}],"version-history":[{"count":2,"href":"https:\/\/vdl-dev.coodesoft.com.ar\/index.php\/wp-json\/wp\/v2\/posts\/1365\/revisions"}],"predecessor-version":[{"id":1371,"href":"https:\/\/vdl-dev.coodesoft.com.ar\/index.php\/wp-json\/wp\/v2\/posts\/1365\/revisions\/1371"}],"wp:featuredmedia":[{"embeddable":true,"href":"https:\/\/vdl-dev.coodesoft.com.ar\/index.php\/wp-json\/wp\/v2\/media\/1366"}],"wp:attachment":[{"href":"https:\/\/vdl-dev.coodesoft.com.ar\/index.php\/wp-json\/wp\/v2\/media?parent=1365"}],"wp:term":[{"taxonomy":"category","embeddable":true,"href":"https:\/\/vdl-dev.coodesoft.com.ar\/index.php\/wp-json\/wp\/v2\/categories?post=1365"},{"taxonomy":"post_tag","embeddable":true,"href":"https:\/\/vdl-dev.coodesoft.com.ar\/index.php\/wp-json\/wp\/v2\/tags?post=1365"}],"curies":[{"name":"wp","href":"https:\/\/api.w.org\/{rel}","templated":true}]}}