{"id":1380,"date":"2020-10-05T17:06:02","date_gmt":"2020-10-05T20:06:02","guid":{"rendered":"http:\/\/vocesdellangueyu.com.ar\/?p=1380"},"modified":"2020-10-05T17:06:27","modified_gmt":"2020-10-05T20:06:27","slug":"coronavirus-nuevo-test-rapido-de-medicion-de-antigenos","status":"publish","type":"post","link":"https:\/\/vdl-dev.coodesoft.com.ar\/index.php\/2020\/10\/05\/coronavirus-nuevo-test-rapido-de-medicion-de-antigenos\/","title":{"rendered":"CORONAVIRUS: NUEVO TEST R\u00c1PIDO DE MEDICI\u00d3N DE ANT\u00cdGENOS"},"content":{"rendered":"\n<figure class=\"wp-block-audio\"><audio controls src=\"https:\/\/vocesdellangueyu.com.ar\/wp-content\/uploads\/2020\/10\/5-10-20-Suescun-Velez-y-Garc\u00eda-test-r\u00e1pidos0.mp3\"><\/audio><figcaption>Maximiliano Suescun, Rosana V\u00e9lez, Sergio Garc\u00eda, Integrantes de la Mesa de Emergencia <\/figcaption><\/figure>\n\n\n\n<p>Durante\nla conferencia de prensa del&nbsp; viernes\npasado los integrantes de la mesa de emergencia informaron sobre la\nimplementaci\u00f3n en Rauch de un nuevo test que mide ant\u00edgenos que reemplaza la\nt\u00e9cnica del PCR en el marco del protocolo por coronavirus.<\/p>\n\n\n\n<p>En\nl\u00edneas generales explicaron que su uso mejora la t\u00e9cnica y reduce el costo y\nadem\u00e1s brinda una respuesta&nbsp; m\u00e1s r\u00e1pida\npara los casos sospechosos.<\/p>\n\n\n\n<p>Se\nhace un hisopado y el resultado est\u00e1 en unos minutos, si es positivo establece\nque el paciente tiene Covid, mientras que si es negativo, y el paciente tiene\ns\u00edntomas, debe realizarse a la t\u00e9cnica del PCR para confirmarlo<\/p>\n\n\n\n<p>Maximiliano\nSuescun, Intendente Municipal &nbsp;se\u00f1al\u00f3 que\ndesde esta semana se encontrar\u00e1 en nuestra ciudad un nuevo test que mide\nant\u00edgenos, es un procedimiento r\u00e1pido que adem\u00e1s tiene un costo menor a los\nanteriores, &nbsp;y &nbsp;\u201cnos permite evitar el per\u00edodo de espera de\nlos casos sospechosos\u201d.<\/p>\n\n\n\n<p>La subdirectora del Hospital de&nbsp;<em><strong>Rauch, <\/strong><\/em>Rosana V\u00e9lez explic\u00f3 que es un sistema de test\ndiferente al que ya se viene utilizando, \u201cel resultado es en unos minutos\u201d, el\nresultado puede ser positivo o negativo y se puede&nbsp; cargar en el sistema municipal de vigilancia,\n\u201csi el resultado es negativo el paciente debe ser sometido a la t\u00e9cnica de PCR\npara confirmar el resultado\u201d.<\/p>\n\n\n\n<p>El\ndoctor Sergio Garc\u00eda expres\u00f3 que estos test tiene dos grandes utilidades en el\ntrabajo del d\u00eda a d\u00eda del hospital \u201cse evita la log\u00edstica del envi\u00f3 y la espera\ndel resultado ya que en 30 minutos tenemos un resultado, si es positivo es\ncateg\u00f3rico y es diagn\u00f3stico\u201d.<\/p>\n\n\n\n<p>El\ntest se utilizar\u00e1 en los grupos de riesgo y en las personas que pueden ser\nfactor de&nbsp; introducci\u00f3n del virus en\nnuestra ciudad,&nbsp; Garc\u00eda sostuvo que \u201ces important\u00edsimo\nla incorporaci\u00f3n de este test como herramienta preventiva\u201d.<\/p>\n","protected":false},"excerpt":{"rendered":"<p>Durante la conferencia de prensa del&nbsp; viernes pasado los integrantes de la mesa de emergencia informaron sobre la implementaci\u00f3n en Rauch de un nuevo test que mide ant\u00edgenos que reemplaza la t\u00e9cnica del PCR en el marco del protocolo por coronavirus. En l\u00edneas generales explicaron que su uso mejora la t\u00e9cnica y reduce el costo [&hellip;]<\/p>\n","protected":false},"author":4,"featured_media":1381,"comment_status":"open","ping_status":"open","sticky":false,"template":"","format":"standard","meta":{"spay_email":"","jetpack_publicize_message":""},"categories":[17,11,13],"tags":[],"jetpack_featured_media_url":"https:\/\/vdl-dev.coodesoft.com.ar\/wp-content\/uploads\/2020\/10\/confer.jpeg","jetpack_publicize_connections":[],"jetpack_sharing_enabled":true,"jetpack_shortlink":"https:\/\/wp.me\/paQJuC-mg","_links":{"self":[{"href":"https:\/\/vdl-dev.coodesoft.com.ar\/index.php\/wp-json\/wp\/v2\/posts\/1380"}],"collection":[{"href":"https:\/\/vdl-dev.coodesoft.com.ar\/index.php\/wp-json\/wp\/v2\/posts"}],"about":[{"href":"https:\/\/vdl-dev.coodesoft.com.ar\/index.php\/wp-json\/wp\/v2\/types\/post"}],"author":[{"embeddable":true,"href":"https:\/\/vdl-dev.coodesoft.com.ar\/index.php\/wp-json\/wp\/v2\/users\/4"}],"replies":[{"embeddable":true,"href":"https:\/\/vdl-dev.coodesoft.com.ar\/index.php\/wp-json\/wp\/v2\/comments?post=1380"}],"version-history":[{"count":2,"href":"https:\/\/vdl-dev.coodesoft.com.ar\/index.php\/wp-json\/wp\/v2\/posts\/1380\/revisions"}],"predecessor-version":[{"id":1384,"href":"https:\/\/vdl-dev.coodesoft.com.ar\/index.php\/wp-json\/wp\/v2\/posts\/1380\/revisions\/1384"}],"wp:featuredmedia":[{"embeddable":true,"href":"https:\/\/vdl-dev.coodesoft.com.ar\/index.php\/wp-json\/wp\/v2\/media\/1381"}],"wp:attachment":[{"href":"https:\/\/vdl-dev.coodesoft.com.ar\/index.php\/wp-json\/wp\/v2\/media?parent=1380"}],"wp:term":[{"taxonomy":"category","embeddable":true,"href":"https:\/\/vdl-dev.coodesoft.com.ar\/index.php\/wp-json\/wp\/v2\/categories?post=1380"},{"taxonomy":"post_tag","embeddable":true,"href":"https:\/\/vdl-dev.coodesoft.com.ar\/index.php\/wp-json\/wp\/v2\/tags?post=1380"}],"curies":[{"name":"wp","href":"https:\/\/api.w.org\/{rel}","templated":true}]}}