{"id":1400,"date":"2020-10-07T16:05:55","date_gmt":"2020-10-07T19:05:55","guid":{"rendered":"http:\/\/vocesdellangueyu.com.ar\/?p=1400"},"modified":"2020-10-07T16:05:59","modified_gmt":"2020-10-07T19:05:59","slug":"el-concejo-insiste-con-la-necesidad-de-instrumentar-un-registro-de-tenedores-de-perros-y-gatos","status":"publish","type":"post","link":"https:\/\/vdl-dev.coodesoft.com.ar\/index.php\/2020\/10\/07\/el-concejo-insiste-con-la-necesidad-de-instrumentar-un-registro-de-tenedores-de-perros-y-gatos\/","title":{"rendered":"EL CONCEJO INSISTE CON LA NECESIDAD DE INSTRUMENTAR UN REGISTRO DE TENEDORES DE PERROS Y GATOS"},"content":{"rendered":"\n<p> El Concejo Deliberante aprob\u00f3 por unanimidad en la sesi\u00f3n de este martes una  Comunicaci\u00f3n dirigida al Departamento Ejecutivo Municipal, que impuls\u00f3 el bloque del Frente de Todos, para que ponga en pr\u00e1ctica la creaci\u00f3n de un registro en el que se deber\u00e1n inscribir perros y gatos.La iniciativa \u201csurge por la gran cantidad de perros que andan deambulando por nuestra ciudad\u201d explic\u00f3 en el recinto la concejal Delia Gonz\u00e1lez, del principal bloque opositor, que aclar\u00f3 que tambi\u00e9n ayudar\u00e1 en los casos de \u201cperros perdidos\u201d.Gonz\u00e1lez describi\u00f3 que la Ordenanza 879, aprobada en 2013, ya establece su creaci\u00f3n por lo que \u201cle pedimos al Departamento Ejecutivo que ponga en marcha este registro\u201d.All\u00ed se establece que ser\u00e1 obligatorio y gratuito para los responsables de mascotas, y que adem\u00e1s del registro, la normativa contempla la instrumentaci\u00f3n de una cartilla con los datos de los animales y el control sanitario correspondiente.Tambi\u00e9n se establece que tras inscribir a las mascotas, se har\u00e1 entrega de una placa identificadora del animal, para facilitar la ubicaci\u00f3n de sus tenedores o responsables.La Presidenta del bloque de Cambiemos Lucrecia Herrer\u00eda adelant\u00f3 el acompa\u00f1amiento del proyecto al se\u00f1alar que \u201csomos conscientes\u201d de la necesidad de implementarlo. \u201cSeguimos pidiendo para que este registro se tenga en cuenta\u201d dijo, y adelant\u00f3 que \u201chay un inter\u00e9s genuino (por parte del Ejecutivo) de llevarlo a cabo\u201d.Herrer\u00eda describi\u00f3 algunas acciones del Gobierno Municipal en la  materia, como la creaci\u00f3n del \u00e1rea de Zoonosis, y las campa\u00f1as de castraciones y de vacunaci\u00f3n antirr\u00e1bica.<br>OTROS TEMASAdem\u00e1s el Deliberativo aprob\u00f3 por unanimidad otros temas, en todos los casos por unanimidad.Entre otros figuran: Proyecto de Ordenanza creando el Sistema de Identificaci\u00f3n georeferenciada de Tranqueras de la zona rural del partido de Rauch, para dar r\u00e1pida respuesta ante posibles emergencias. <br>Proyecto de Resoluci\u00f3n dirigido al OCEBA solicitando su intervenci\u00f3n en relaci\u00f3n a cortes de energ\u00eda que se han adoptado por parte de EDEA SA incumpliendo con la medida legal que prohib\u00eda la suspensi\u00f3n de dicho servicio con motivo del COVID19. <br>Proyecto de Ordenanza creando la Mesa Local de Di\u00e1logo Interreligioso e Intercultural en el \u00e1mbito del Partido de Rauch. <br>Proyecto de Comunicaci\u00f3n al Departamento Ejecutivo a efectos de solicitar que se dispongan lotes p\u00fablicos para adjudicar a quienes se constituyan en beneficiarios de cr\u00e9ditos hipotecarios del PROCREAR l\u00ednea de construcci\u00f3n de viviendas. <\/p>\n","protected":false},"excerpt":{"rendered":"<p>El Concejo Deliberante aprob\u00f3 por unanimidad en la sesi\u00f3n de este martes una Comunicaci\u00f3n dirigida al Departamento Ejecutivo Municipal, que impuls\u00f3 el bloque del Frente de Todos, para que ponga en pr\u00e1ctica la creaci\u00f3n de un registro en el que se deber\u00e1n inscribir perros y gatos.La iniciativa \u201csurge por la gran cantidad de perros que [&hellip;]<\/p>\n","protected":false},"author":4,"featured_media":717,"comment_status":"open","ping_status":"open","sticky":false,"template":"","format":"standard","meta":{"spay_email":"","jetpack_publicize_message":""},"categories":[17,11,13],"tags":[],"jetpack_featured_media_url":"https:\/\/vdl-dev.coodesoft.com.ar\/wp-content\/uploads\/2020\/08\/nota-grieco-1.jpeg","jetpack_publicize_connections":[],"jetpack_sharing_enabled":true,"jetpack_shortlink":"https:\/\/wp.me\/paQJuC-mA","_links":{"self":[{"href":"https:\/\/vdl-dev.coodesoft.com.ar\/index.php\/wp-json\/wp\/v2\/posts\/1400"}],"collection":[{"href":"https:\/\/vdl-dev.coodesoft.com.ar\/index.php\/wp-json\/wp\/v2\/posts"}],"about":[{"href":"https:\/\/vdl-dev.coodesoft.com.ar\/index.php\/wp-json\/wp\/v2\/types\/post"}],"author":[{"embeddable":true,"href":"https:\/\/vdl-dev.coodesoft.com.ar\/index.php\/wp-json\/wp\/v2\/users\/4"}],"replies":[{"embeddable":true,"href":"https:\/\/vdl-dev.coodesoft.com.ar\/index.php\/wp-json\/wp\/v2\/comments?post=1400"}],"version-history":[{"count":1,"href":"https:\/\/vdl-dev.coodesoft.com.ar\/index.php\/wp-json\/wp\/v2\/posts\/1400\/revisions"}],"predecessor-version":[{"id":1401,"href":"https:\/\/vdl-dev.coodesoft.com.ar\/index.php\/wp-json\/wp\/v2\/posts\/1400\/revisions\/1401"}],"wp:featuredmedia":[{"embeddable":true,"href":"https:\/\/vdl-dev.coodesoft.com.ar\/index.php\/wp-json\/wp\/v2\/media\/717"}],"wp:attachment":[{"href":"https:\/\/vdl-dev.coodesoft.com.ar\/index.php\/wp-json\/wp\/v2\/media?parent=1400"}],"wp:term":[{"taxonomy":"category","embeddable":true,"href":"https:\/\/vdl-dev.coodesoft.com.ar\/index.php\/wp-json\/wp\/v2\/categories?post=1400"},{"taxonomy":"post_tag","embeddable":true,"href":"https:\/\/vdl-dev.coodesoft.com.ar\/index.php\/wp-json\/wp\/v2\/tags?post=1400"}],"curies":[{"name":"wp","href":"https:\/\/api.w.org\/{rel}","templated":true}]}}