{"id":1412,"date":"2020-10-08T15:55:57","date_gmt":"2020-10-08T18:55:57","guid":{"rendered":"http:\/\/vocesdellangueyu.com.ar\/?p=1412"},"modified":"2020-10-08T15:58:11","modified_gmt":"2020-10-08T18:58:11","slug":"el-concejo-deliberante-aprobo-por-unanimidad-el-sistema-de-identificacion-georeferenciada-de-tranqueras","status":"publish","type":"post","link":"https:\/\/vdl-dev.coodesoft.com.ar\/index.php\/2020\/10\/08\/el-concejo-deliberante-aprobo-por-unanimidad-el-sistema-de-identificacion-georeferenciada-de-tranqueras\/","title":{"rendered":"EL CONCEJO DELIBERANTE APROB\u00d3 POR UNANIMIDAD EL SISTEMA DE IDENTIFICACI\u00d3N GEOREFERENCIADA DE TRANQUERAS"},"content":{"rendered":"\n<p>El concejal Emilio Tisera,\ndel bloque del Frente de Todos, explic\u00f3 detalles del proyecto que su espacio\npropici\u00f3 para establecer el Sistema de Identificaci\u00f3n Georeferenciada de Tranqueras\nde la zona rural del Partido.<\/p>\n\n\n\n<figure class=\"wp-block-audio\"><audio controls src=\"https:\/\/vocesdellangueyu.com.ar\/wp-content\/uploads\/2020\/10\/8-10-Tisera-primera-parte0.mp3\"><\/audio><figcaption>Emilio Tisera, Concejal del Bloque Frente de Todos<\/figcaption><\/figure>\n\n\n\n<p>La iniciativa la aprob\u00f3 por\nunanimidad esta semana el Concejo Deliberante, y Tisera profundiz\u00f3 en las\nventajas que tendr\u00eda la metodolog\u00eda, que&nbsp;\ntiene por objetivo facilitar la ubicaci\u00f3n de los establecimientos rurales\nante cualquier emergencia.<\/p>\n\n\n\n<p>Tisera explic\u00f3 que \u201cHay\nvarios municipios de la Provincia de Buenos Aires que tienen aprobado este sistema\ny lo vienen utilizando, como el&nbsp;\nmunicipio de Las Flores\u201d.<\/p>\n\n\n\n<p>Se coloca una chapa identificadora\nen la tranquera y el GPS permite tomar el punto de referencia y guarda la\ninformaci\u00f3n en una aplicaci\u00f3n que te indica c\u00f3mo llegar a ese campo, \u201ces una\nherramienta que va a ser muy \u00fatil\u201d, se\u00f1al\u00f3 el Concejal del Frente de Todos.<\/p>\n","protected":false},"excerpt":{"rendered":"<p>El concejal Emilio Tisera, del bloque del Frente de Todos, explic\u00f3 detalles del proyecto que su espacio propici\u00f3 para establecer el Sistema de Identificaci\u00f3n Georeferenciada de Tranqueras de la zona rural del Partido. La iniciativa la aprob\u00f3 por unanimidad esta semana el Concejo Deliberante, y Tisera profundiz\u00f3 en las ventajas que tendr\u00eda la metodolog\u00eda, que&nbsp; [&hellip;]<\/p>\n","protected":false},"author":4,"featured_media":763,"comment_status":"open","ping_status":"open","sticky":false,"template":"","format":"standard","meta":{"spay_email":"","jetpack_publicize_message":""},"categories":[17,11],"tags":[],"jetpack_featured_media_url":"https:\/\/vdl-dev.coodesoft.com.ar\/wp-content\/uploads\/2020\/08\/TISERA-EMILIO.jpg","jetpack_publicize_connections":[],"jetpack_sharing_enabled":true,"jetpack_shortlink":"https:\/\/wp.me\/paQJuC-mM","_links":{"self":[{"href":"https:\/\/vdl-dev.coodesoft.com.ar\/index.php\/wp-json\/wp\/v2\/posts\/1412"}],"collection":[{"href":"https:\/\/vdl-dev.coodesoft.com.ar\/index.php\/wp-json\/wp\/v2\/posts"}],"about":[{"href":"https:\/\/vdl-dev.coodesoft.com.ar\/index.php\/wp-json\/wp\/v2\/types\/post"}],"author":[{"embeddable":true,"href":"https:\/\/vdl-dev.coodesoft.com.ar\/index.php\/wp-json\/wp\/v2\/users\/4"}],"replies":[{"embeddable":true,"href":"https:\/\/vdl-dev.coodesoft.com.ar\/index.php\/wp-json\/wp\/v2\/comments?post=1412"}],"version-history":[{"count":3,"href":"https:\/\/vdl-dev.coodesoft.com.ar\/index.php\/wp-json\/wp\/v2\/posts\/1412\/revisions"}],"predecessor-version":[{"id":1416,"href":"https:\/\/vdl-dev.coodesoft.com.ar\/index.php\/wp-json\/wp\/v2\/posts\/1412\/revisions\/1416"}],"wp:featuredmedia":[{"embeddable":true,"href":"https:\/\/vdl-dev.coodesoft.com.ar\/index.php\/wp-json\/wp\/v2\/media\/763"}],"wp:attachment":[{"href":"https:\/\/vdl-dev.coodesoft.com.ar\/index.php\/wp-json\/wp\/v2\/media?parent=1412"}],"wp:term":[{"taxonomy":"category","embeddable":true,"href":"https:\/\/vdl-dev.coodesoft.com.ar\/index.php\/wp-json\/wp\/v2\/categories?post=1412"},{"taxonomy":"post_tag","embeddable":true,"href":"https:\/\/vdl-dev.coodesoft.com.ar\/index.php\/wp-json\/wp\/v2\/tags?post=1412"}],"curies":[{"name":"wp","href":"https:\/\/api.w.org\/{rel}","templated":true}]}}