{"id":1417,"date":"2020-10-08T15:59:37","date_gmt":"2020-10-08T18:59:37","guid":{"rendered":"http:\/\/vocesdellangueyu.com.ar\/?p=1417"},"modified":"2020-10-08T16:04:59","modified_gmt":"2020-10-08T19:04:59","slug":"reunion-de-los-concejales-del-frente-de-todos-con-dirigentes-del-sindicato-de-trabajadores-municipales","status":"publish","type":"post","link":"https:\/\/vdl-dev.coodesoft.com.ar\/index.php\/2020\/10\/08\/reunion-de-los-concejales-del-frente-de-todos-con-dirigentes-del-sindicato-de-trabajadores-municipales\/","title":{"rendered":"REUNI\u00d3N DE LOS CONCEJALES DEL FRENTE DE TODOS CON DIRIGENTES DEL SINDICATO DE TRABAJADORES MUNICIPALES"},"content":{"rendered":"\n<p><\/p>\n\n\n\n<p>El concejal del Frente de\nTodos, Emilio Tisera describi\u00f3 los alcances de la reuni\u00f3n que mantuvieron ayer\ncon dirigentes del Sindicato de Trabajadores Municipales de Rauch, con quienes\nevaluaron diversos temas.<\/p>\n\n\n\n<p>\u201cHablamos de todo un poco,\nellos est\u00e1n participando de la mesa por el cambio de categor\u00edas y est\u00e1n&nbsp; convocados para firmar el convenio colectivo\nde trabajo, hay algunas cuestiones nuevas que hemos aprobado este a\u00f1o en el\nConcejo que involucran a los trabajadores\u201d.<\/p>\n\n\n\n<p>Los propios concejales del\nprincipal bloque opositor emitieron un documento en el que destacaron los\nprincipales temas abordados:<\/p>\n\n\n\n<p>Desde el Sindicato nos\ncompartieron sobre el pedido de reuni\u00f3n que han realizado al Ejecutivo\nmunicipal y el acuerdo del nuevo Convenio colectivo de trabajo que deben\nrealizar<\/p>\n\n\n\n<p>Reafirmamos sobre la deuda\nque esta gesti\u00f3n de gobierno tiene en relaci\u00f3n a la implementaci\u00f3n de la\nCarrera Profesional de Enfermer\u00eda que fue aprobada por unanimidad -y promovida\nen medio de una campa\u00f1a electoral por parte del oficialismo-<\/p>\n\n\n\n<p>Intercambiamos sobre la\npromoci\u00f3n de categor\u00eda para quienes est\u00e1n a pocos a\u00f1os de jubilarse, y c\u00f3mo se\npuede contemplar dentro del tratamiento de la Junta de Disciplina<\/p>\n\n\n\n<p>Coincidimos sobre el esfuerzo\nque deber\u00eda hacer el municipio para abonar un bono extra para quienes han\ntrabajado desde el comienzo de la Pandemia&nbsp;\ny no recibieron la bonificaci\u00f3n del gobierno nacional<\/p>\n\n\n\n<p>Hicimos entrega de copia del\nproyecto de inclusi\u00f3n laboral que se trat\u00f3 en el HCD en relaci\u00f3n a cupo para\npersonas con discapacidad, personas trans y r\u00e9gimen de horario especial para\ntrabajadores y trabajadoras municipales con familiares que padecen alguna\ndiscapacidad<\/p>\n\n\n\n<p>Pusimos en agenda las\ncondiciones de trabajo de quienes se desempe\u00f1an en sectores que deber\u00edan\nreconocerse como \u00e1reas insalubres, entre los que mencionamos algunas\ndependencias dentro del Hospital municipal que no han sido alcanzadas por este\nbeneficio, los trabajadores que se desempe\u00f1an dentro del predio cedido a la\nProtectora de Animales, etc.<\/p>\n\n\n\n<figure class=\"wp-block-audio\"><audio controls src=\"https:\/\/vocesdellangueyu.com.ar\/wp-content\/uploads\/2020\/10\/8-10-Tisera-segunda-parte0.mp3\"><\/audio><figcaption>Emilio Tisera, Concejal Frente de Todos <\/figcaption><\/figure>\n","protected":false},"excerpt":{"rendered":"<p>El concejal del Frente de Todos, Emilio Tisera describi\u00f3 los alcances de la reuni\u00f3n que mantuvieron ayer con dirigentes del Sindicato de Trabajadores Municipales de Rauch, con quienes evaluaron diversos temas. \u201cHablamos de todo un poco, ellos est\u00e1n participando de la mesa por el cambio de categor\u00edas y est\u00e1n&nbsp; convocados para firmar el convenio colectivo [&hellip;]<\/p>\n","protected":false},"author":4,"featured_media":345,"comment_status":"open","ping_status":"open","sticky":false,"template":"","format":"standard","meta":{"spay_email":"","jetpack_publicize_message":""},"categories":[17,11],"tags":[],"jetpack_featured_media_url":"https:\/\/vdl-dev.coodesoft.com.ar\/wp-content\/uploads\/2020\/06\/TISERA-EMILIO.jpg","jetpack_publicize_connections":[],"jetpack_sharing_enabled":true,"jetpack_shortlink":"https:\/\/wp.me\/paQJuC-mR","_links":{"self":[{"href":"https:\/\/vdl-dev.coodesoft.com.ar\/index.php\/wp-json\/wp\/v2\/posts\/1417"}],"collection":[{"href":"https:\/\/vdl-dev.coodesoft.com.ar\/index.php\/wp-json\/wp\/v2\/posts"}],"about":[{"href":"https:\/\/vdl-dev.coodesoft.com.ar\/index.php\/wp-json\/wp\/v2\/types\/post"}],"author":[{"embeddable":true,"href":"https:\/\/vdl-dev.coodesoft.com.ar\/index.php\/wp-json\/wp\/v2\/users\/4"}],"replies":[{"embeddable":true,"href":"https:\/\/vdl-dev.coodesoft.com.ar\/index.php\/wp-json\/wp\/v2\/comments?post=1417"}],"version-history":[{"count":2,"href":"https:\/\/vdl-dev.coodesoft.com.ar\/index.php\/wp-json\/wp\/v2\/posts\/1417\/revisions"}],"predecessor-version":[{"id":1421,"href":"https:\/\/vdl-dev.coodesoft.com.ar\/index.php\/wp-json\/wp\/v2\/posts\/1417\/revisions\/1421"}],"wp:featuredmedia":[{"embeddable":true,"href":"https:\/\/vdl-dev.coodesoft.com.ar\/index.php\/wp-json\/wp\/v2\/media\/345"}],"wp:attachment":[{"href":"https:\/\/vdl-dev.coodesoft.com.ar\/index.php\/wp-json\/wp\/v2\/media?parent=1417"}],"wp:term":[{"taxonomy":"category","embeddable":true,"href":"https:\/\/vdl-dev.coodesoft.com.ar\/index.php\/wp-json\/wp\/v2\/categories?post=1417"},{"taxonomy":"post_tag","embeddable":true,"href":"https:\/\/vdl-dev.coodesoft.com.ar\/index.php\/wp-json\/wp\/v2\/tags?post=1417"}],"curies":[{"name":"wp","href":"https:\/\/api.w.org\/{rel}","templated":true}]}}