{"id":1423,"date":"2020-10-08T16:09:10","date_gmt":"2020-10-08T19:09:10","guid":{"rendered":"http:\/\/vocesdellangueyu.com.ar\/?p=1423"},"modified":"2020-10-08T16:09:14","modified_gmt":"2020-10-08T19:09:14","slug":"autoridades-de-la-camara-comercial-de-rauch-entregaron-esta-semana-copias-del-plan-estrategico-de-desarrollo-productivo-de-rauch-a-los-concejales-de-los-tres-bloques","status":"publish","type":"post","link":"https:\/\/vdl-dev.coodesoft.com.ar\/index.php\/2020\/10\/08\/autoridades-de-la-camara-comercial-de-rauch-entregaron-esta-semana-copias-del-plan-estrategico-de-desarrollo-productivo-de-rauch-a-los-concejales-de-los-tres-bloques\/","title":{"rendered":"AUTORIDADES DE LA C\u00c1MARA COMERCIAL DE RAUCH ENTREGARON ESTA SEMANA COPIAS DEL PLAN ESTRAT\u00c9GICO DE DESARROLLO PRODUCTIVO DE RAUCH  A LOS CONCEJALES DE LOS TRES BLOQUES"},"content":{"rendered":"\n<figure class=\"wp-block-audio\"><audio controls src=\"https:\/\/vocesdellangueyu.com.ar\/wp-content\/uploads\/2020\/10\/8-10-Erro-primera-parte0.mp3\"><\/audio><figcaption>Marcelo Erro, Presidente de la C\u00e1mara Comercial de Rauch<\/figcaption><\/figure>\n\n\n\n<p>El Plan Estrat\u00e9gico de\nDesarrollo Productivo de Rauch fue elaborado desde la C\u00e1mara Comercial en\nconjunto con diversas instituciones (Municipalidad de Rauch, Cooperativa\nAgropecuaria e Industrial de Rauch, Cooperativa Agr\u00edcola Ganadera de Rauch,\nSociedad Rural de Rauch) y fue presentado por autoridades de la C\u00e1mara\nComercial a concejales de los tres bloques<\/p>\n\n\n\n<p>El Presidente de la C\u00e1mara\nComercial de Rauch, Marcelo Erro explic\u00f3 los motivos por los que entregaron la\ndocumentaci\u00f3n a los concejales de diferentes bloques \u201ces un trabajo que nos\nllev\u00f3 bastante tarea, hace un tiempo se le entreg\u00f3 al Intendente y tiene muchos\ntemas muy interesante, con proyectos de desarrollo, nos pareci\u00f3 oportuno\nretomar este tema y pensamos que en las manos de los Concejales se puede dar un\nempuje, en este momento que hay tanta falta de trabajo\u201d.<\/p>\n\n\n\n<p>Son 48 proyectos de posibilidades\nde comercializaci\u00f3n, \u201cse busca dar mayor oportunidad a los j\u00f3venes que buscan\ntrabajo\u201d.<\/p>\n\n\n\n<p>El titular de la c\u00e1mara\nadmiti\u00f3 que ese trabajo realizado hace 4 a\u00f1os no tuvo su puesta en pr\u00e1ctica en\nla realidad hasta ahora, \u201c. <\/p>\n\n\n\n<p>PROMOCIONES POR EL D\u00cdA DE LA\nMADRE<\/p>\n\n\n\n<p>Erro inform\u00f3 que la C\u00e1mara comercial\ndispondr\u00e1 de 120 mil pesos para incentivar las compras en los comercios locales\npara el d\u00eda de la madre<\/p>\n","protected":false},"excerpt":{"rendered":"<p>El Plan Estrat\u00e9gico de Desarrollo Productivo de Rauch fue elaborado desde la C\u00e1mara Comercial en conjunto con diversas instituciones (Municipalidad de Rauch, Cooperativa Agropecuaria e Industrial de Rauch, Cooperativa Agr\u00edcola Ganadera de Rauch, Sociedad Rural de Rauch) y fue presentado por autoridades de la C\u00e1mara Comercial a concejales de los tres bloques El Presidente de [&hellip;]<\/p>\n","protected":false},"author":4,"featured_media":1424,"comment_status":"open","ping_status":"open","sticky":false,"template":"","format":"standard","meta":{"spay_email":"","jetpack_publicize_message":""},"categories":[17,11,13],"tags":[],"jetpack_featured_media_url":"https:\/\/vdl-dev.coodesoft.com.ar\/wp-content\/uploads\/2020\/10\/marcelo-erro-100-324x160-1.jpg","jetpack_publicize_connections":[],"jetpack_sharing_enabled":true,"jetpack_shortlink":"https:\/\/wp.me\/paQJuC-mX","_links":{"self":[{"href":"https:\/\/vdl-dev.coodesoft.com.ar\/index.php\/wp-json\/wp\/v2\/posts\/1423"}],"collection":[{"href":"https:\/\/vdl-dev.coodesoft.com.ar\/index.php\/wp-json\/wp\/v2\/posts"}],"about":[{"href":"https:\/\/vdl-dev.coodesoft.com.ar\/index.php\/wp-json\/wp\/v2\/types\/post"}],"author":[{"embeddable":true,"href":"https:\/\/vdl-dev.coodesoft.com.ar\/index.php\/wp-json\/wp\/v2\/users\/4"}],"replies":[{"embeddable":true,"href":"https:\/\/vdl-dev.coodesoft.com.ar\/index.php\/wp-json\/wp\/v2\/comments?post=1423"}],"version-history":[{"count":1,"href":"https:\/\/vdl-dev.coodesoft.com.ar\/index.php\/wp-json\/wp\/v2\/posts\/1423\/revisions"}],"predecessor-version":[{"id":1426,"href":"https:\/\/vdl-dev.coodesoft.com.ar\/index.php\/wp-json\/wp\/v2\/posts\/1423\/revisions\/1426"}],"wp:featuredmedia":[{"embeddable":true,"href":"https:\/\/vdl-dev.coodesoft.com.ar\/index.php\/wp-json\/wp\/v2\/media\/1424"}],"wp:attachment":[{"href":"https:\/\/vdl-dev.coodesoft.com.ar\/index.php\/wp-json\/wp\/v2\/media?parent=1423"}],"wp:term":[{"taxonomy":"category","embeddable":true,"href":"https:\/\/vdl-dev.coodesoft.com.ar\/index.php\/wp-json\/wp\/v2\/categories?post=1423"},{"taxonomy":"post_tag","embeddable":true,"href":"https:\/\/vdl-dev.coodesoft.com.ar\/index.php\/wp-json\/wp\/v2\/tags?post=1423"}],"curies":[{"name":"wp","href":"https:\/\/api.w.org\/{rel}","templated":true}]}}