{"id":1427,"date":"2020-10-09T16:42:01","date_gmt":"2020-10-09T19:42:01","guid":{"rendered":"http:\/\/vocesdellangueyu.com.ar\/?p=1427"},"modified":"2020-10-09T16:42:06","modified_gmt":"2020-10-09T19:42:06","slug":"con-un-amplio-operativo-el-municipio-intento-ocupar-un-predio-y-encontro-la-resistencia-de-la-familia-que-alli-vive","status":"publish","type":"post","link":"https:\/\/vdl-dev.coodesoft.com.ar\/index.php\/2020\/10\/09\/con-un-amplio-operativo-el-municipio-intento-ocupar-un-predio-y-encontro-la-resistencia-de-la-familia-que-alli-vive\/","title":{"rendered":"CON UN AMPLIO OPERATIVO EL MUNICIPIO INTENT\u00d3 OCUPAR UN PREDIO, Y ENCONTR\u00d3 LA RESISTENCIA DE LA FAMILIA QUE ALL\u00cd VIVE"},"content":{"rendered":"\n<p>Momentos de tensi\u00f3n se vivieron\nesta semana cuando el Intendente Municipal Maximiliano Suescun en persona\nencabez\u00f3 un singular operativo para tomar posesi\u00f3n de un lote que habr\u00eda sido\ndonado en su momento para el Hospital Municipal, pero en el que vive desde hace\n22 a\u00f1os una familia.<\/p>\n\n\n\n<figure class=\"wp-block-audio\"><audio controls><\/audio><\/figure>\n\n\n\n<p>El Jefe Comunal lleg\u00f3 ayer\npor la ma\u00f1ana, acompa\u00f1ado de varios m\u00f3viles y efectivos policiales, personal y\nmaquinaria de la Secretar\u00eda de Obras y Servicios P\u00fablicos del municipio, y un Escribano\nP\u00fablico.<\/p>\n\n\n\n<p>El predio en cuesti\u00f3n est\u00e1\nubicado en la denominada Villa La Loma, y es ocupado desde hace 22 a\u00f1os por un\nhombre. Algunos a\u00f1os despu\u00e9s se sum\u00f3 su esposa con la que convive junto a sus\nhijos.<\/p>\n\n\n\n<p>La intenci\u00f3n del Gobierno era\nla de hacerse cargo del lugar pero desisti\u00f3 al observar la presencia de la\nfamilia, con hijos menores all\u00ed, que argumentaron tener la propiedad del lugar\ny exigieron una orden judicial para abandonarla.<\/p>\n\n\n\n<p>Mariquena Loustano sostuvo\nque ella y su marido hace 18 a\u00f1os que viven ah\u00ed \u201cayer el Intendente me increp\u00f3,\nme dio 24 horas para irme de ac\u00e1 porque esta vivienda pertenece al hospital, yo\nle dije que est\u00e1bamos haciendo todo por la v\u00eda legal. Me empez\u00f3 a gritar y se\nmeti\u00f3 al terreno para tomar medidas\u201d.<\/p>\n\n\n\n<p>Loustano explic\u00f3 que como\ntrabajan en el campo le prestaron la casa a un primo que no tiene vivienda y\ndenunci\u00f3 que desde el Municipio amenazaron hombre con dejarlo sin trabajo ya\nque es empleado municipal.<\/p>\n\n\n\n<p>Mariquena asegur\u00f3 que se van\na quedar en el lugar y ya iniciaron la posesi\u00f3n, \u201cno nos vamos a ir porque la\ncasa es de nosotros \u2026 Hoy vinieron cinco m\u00f3viles y una m\u00e1quina para tirar la\ncasa\u201d.<\/p>\n\n\n\n<p>Maximiliano Suescun,\nIntendente Municipal explic\u00f3 que la casa le pertenece al Hospital Municipal,\ndicha casa fue donada por su antiguo due\u00f1o, <\/p>\n","protected":false},"excerpt":{"rendered":"<p>Momentos de tensi\u00f3n se vivieron esta semana cuando el Intendente Municipal Maximiliano Suescun en persona encabez\u00f3 un singular operativo para tomar posesi\u00f3n de un lote que habr\u00eda sido donado en su momento para el Hospital Municipal, pero en el que vive desde hace 22 a\u00f1os una familia. El Jefe Comunal lleg\u00f3 ayer por la ma\u00f1ana, [&hellip;]<\/p>\n","protected":false},"author":4,"featured_media":1429,"comment_status":"open","ping_status":"open","sticky":false,"template":"","format":"standard","meta":{"spay_email":"","jetpack_publicize_message":""},"categories":[16,17,11],"tags":[],"jetpack_featured_media_url":"https:\/\/vdl-dev.coodesoft.com.ar\/wp-content\/uploads\/2020\/10\/villa-la-loma.jpeg","jetpack_publicize_connections":[],"jetpack_sharing_enabled":true,"jetpack_shortlink":"https:\/\/wp.me\/paQJuC-n1","_links":{"self":[{"href":"https:\/\/vdl-dev.coodesoft.com.ar\/index.php\/wp-json\/wp\/v2\/posts\/1427"}],"collection":[{"href":"https:\/\/vdl-dev.coodesoft.com.ar\/index.php\/wp-json\/wp\/v2\/posts"}],"about":[{"href":"https:\/\/vdl-dev.coodesoft.com.ar\/index.php\/wp-json\/wp\/v2\/types\/post"}],"author":[{"embeddable":true,"href":"https:\/\/vdl-dev.coodesoft.com.ar\/index.php\/wp-json\/wp\/v2\/users\/4"}],"replies":[{"embeddable":true,"href":"https:\/\/vdl-dev.coodesoft.com.ar\/index.php\/wp-json\/wp\/v2\/comments?post=1427"}],"version-history":[{"count":1,"href":"https:\/\/vdl-dev.coodesoft.com.ar\/index.php\/wp-json\/wp\/v2\/posts\/1427\/revisions"}],"predecessor-version":[{"id":1430,"href":"https:\/\/vdl-dev.coodesoft.com.ar\/index.php\/wp-json\/wp\/v2\/posts\/1427\/revisions\/1430"}],"wp:featuredmedia":[{"embeddable":true,"href":"https:\/\/vdl-dev.coodesoft.com.ar\/index.php\/wp-json\/wp\/v2\/media\/1429"}],"wp:attachment":[{"href":"https:\/\/vdl-dev.coodesoft.com.ar\/index.php\/wp-json\/wp\/v2\/media?parent=1427"}],"wp:term":[{"taxonomy":"category","embeddable":true,"href":"https:\/\/vdl-dev.coodesoft.com.ar\/index.php\/wp-json\/wp\/v2\/categories?post=1427"},{"taxonomy":"post_tag","embeddable":true,"href":"https:\/\/vdl-dev.coodesoft.com.ar\/index.php\/wp-json\/wp\/v2\/tags?post=1427"}],"curies":[{"name":"wp","href":"https:\/\/api.w.org\/{rel}","templated":true}]}}