{"id":1432,"date":"2020-10-09T16:52:50","date_gmt":"2020-10-09T19:52:50","guid":{"rendered":"http:\/\/vocesdellangueyu.com.ar\/?p=1432"},"modified":"2020-10-09T16:52:55","modified_gmt":"2020-10-09T19:52:55","slug":"un-disparate-total-nunca-vi-una-cosa-igual","status":"publish","type":"post","link":"https:\/\/vdl-dev.coodesoft.com.ar\/index.php\/2020\/10\/09\/un-disparate-total-nunca-vi-una-cosa-igual\/","title":{"rendered":"\u201cUN DISPARATE TOTAL\u2026 NUNCA VI UNA COSA IGUAL\u201d"},"content":{"rendered":"\n<figure class=\"wp-block-audio\"><audio controls src=\"https:\/\/vocesdellangueyu.com.ar\/wp-content\/uploads\/2020\/10\/9-10-Cardarelli-primera-parte0.mp3\"><\/audio><figcaption>Claudio Cardelli, Abogado<\/figcaption><\/figure>\n\n\n\n<figure class=\"wp-block-audio\"><audio controls src=\"https:\/\/vocesdellangueyu.com.ar\/wp-content\/uploads\/2020\/10\/9-10-Cardarelli-segunda-parte0.mp3\"><\/audio><figcaption>Claudio Cardelli, Abogado<\/figcaption><\/figure>\n\n\n\n<p>Claudio Cardarelli, abogado\nde la familia que vive en el inmueble que el Municipio intent\u00f3 ocupar ayer,\nconsider\u00f3 \u201cun disparate total\u201d el procedimiento que se puso en marcha ayer, con\nla presencia del Intendente en persona, varios m\u00f3viles y efectivos policiales,\npersonal y maquinaria de Obras P\u00fablicas, para tomar posesi\u00f3n del lugar. \u201cNunca vi\nuna cosa igual\u201d agreg\u00f3<\/p>\n\n\n\n<p>\u201cVengo trabajando hace un par\nde meses, la familia me contacta luego que el Municipio les dijo que quer\u00edan el\nlugar donde estaban viviendo, les solicit\u00e9 la documentaci\u00f3n para avalar que\nhace m\u00e1s de 20 a\u00f1os que viv\u00edan ah\u00ed y testigos, la familia tiene documentaci\u00f3n y\ntestigos\u201d, explic\u00f3 Cardelli.<\/p>\n\n\n\n<p>El abogado de la familia dijo\nque tiene todo preparado para presentar en la Justicia un reclamo por la\ntitularidad de la propiedad del inmueble a favor de la familia, y que eval\u00faa\nhacer una denuncia penal por&nbsp; la\nintromisi\u00f3n que funcionarios municipales hicieron en el lugar y hasta por\namenazas<\/p>\n\n\n\n<p>Cardarelli expres\u00f3 que cuando\nel agrimensor fue el Municipio a hacer un tr\u00e1mite administrativo por ese lote,\nla respuesta fue que ir\u00edan con una topadora \u201cpara tirar todo\u201d &nbsp;<\/p>\n","protected":false},"excerpt":{"rendered":"<p>Claudio Cardarelli, abogado de la familia que vive en el inmueble que el Municipio intent\u00f3 ocupar ayer, consider\u00f3 \u201cun disparate total\u201d el procedimiento que se puso en marcha ayer, con la presencia del Intendente en persona, varios m\u00f3viles y efectivos policiales, personal y maquinaria de Obras P\u00fablicas, para tomar posesi\u00f3n del lugar. \u201cNunca vi una [&hellip;]<\/p>\n","protected":false},"author":4,"featured_media":1433,"comment_status":"open","ping_status":"open","sticky":false,"template":"","format":"standard","meta":{"spay_email":"","jetpack_publicize_message":""},"categories":[17,11,13],"tags":[],"jetpack_featured_media_url":"https:\/\/vdl-dev.coodesoft.com.ar\/wp-content\/uploads\/2020\/10\/abogado.jpeg","jetpack_publicize_connections":[],"jetpack_sharing_enabled":true,"jetpack_shortlink":"https:\/\/wp.me\/paQJuC-n6","_links":{"self":[{"href":"https:\/\/vdl-dev.coodesoft.com.ar\/index.php\/wp-json\/wp\/v2\/posts\/1432"}],"collection":[{"href":"https:\/\/vdl-dev.coodesoft.com.ar\/index.php\/wp-json\/wp\/v2\/posts"}],"about":[{"href":"https:\/\/vdl-dev.coodesoft.com.ar\/index.php\/wp-json\/wp\/v2\/types\/post"}],"author":[{"embeddable":true,"href":"https:\/\/vdl-dev.coodesoft.com.ar\/index.php\/wp-json\/wp\/v2\/users\/4"}],"replies":[{"embeddable":true,"href":"https:\/\/vdl-dev.coodesoft.com.ar\/index.php\/wp-json\/wp\/v2\/comments?post=1432"}],"version-history":[{"count":1,"href":"https:\/\/vdl-dev.coodesoft.com.ar\/index.php\/wp-json\/wp\/v2\/posts\/1432\/revisions"}],"predecessor-version":[{"id":1436,"href":"https:\/\/vdl-dev.coodesoft.com.ar\/index.php\/wp-json\/wp\/v2\/posts\/1432\/revisions\/1436"}],"wp:featuredmedia":[{"embeddable":true,"href":"https:\/\/vdl-dev.coodesoft.com.ar\/index.php\/wp-json\/wp\/v2\/media\/1433"}],"wp:attachment":[{"href":"https:\/\/vdl-dev.coodesoft.com.ar\/index.php\/wp-json\/wp\/v2\/media?parent=1432"}],"wp:term":[{"taxonomy":"category","embeddable":true,"href":"https:\/\/vdl-dev.coodesoft.com.ar\/index.php\/wp-json\/wp\/v2\/categories?post=1432"},{"taxonomy":"post_tag","embeddable":true,"href":"https:\/\/vdl-dev.coodesoft.com.ar\/index.php\/wp-json\/wp\/v2\/tags?post=1432"}],"curies":[{"name":"wp","href":"https:\/\/api.w.org\/{rel}","templated":true}]}}