{"id":1445,"date":"2020-10-13T16:03:19","date_gmt":"2020-10-13T19:03:19","guid":{"rendered":"http:\/\/vocesdellangueyu.com.ar\/?p=1445"},"modified":"2020-10-13T16:03:23","modified_gmt":"2020-10-13T19:03:23","slug":"rauch-es-uno-de-los-distritos-en-los-que-se-volveran-a-dictar-clases-en-forma-presencial","status":"publish","type":"post","link":"https:\/\/vdl-dev.coodesoft.com.ar\/index.php\/2020\/10\/13\/rauch-es-uno-de-los-distritos-en-los-que-se-volveran-a-dictar-clases-en-forma-presencial\/","title":{"rendered":"RAUCH ES UNO DE LOS DISTRITOS EN LOS QUE SE VOLVER\u00c1N A DICTAR CLASES EN FORMA PRESENCIAL"},"content":{"rendered":"\n<p>En las pr\u00f3ximas 48 horas\nhabr\u00e1 definiciones sobre c\u00f3mo se har\u00e1 ya que&nbsp;\nel Intendente Maximiliano Suescun mantendr\u00e1 reuniones con autoridades\neducativas del Distrito, de la Regi\u00f3n Educativa y miembros del \u00e1rea sanitaria\ndel Municipio. Este martes se entrevistar\u00e1 v\u00eda virtual con la Ministra de Educaci\u00f3n de\nla Provincia, Mar\u00eda Agustina Vila y el mi\u00e9rcoles a las 8 horas en el Museo\nMunicipal de Artes Pl\u00e1sticas habr\u00e1 una reuni\u00f3n virtual de la UEGD (Unidad Educativa de\nGesti\u00f3n Distrital) con las dos inspectoras regionales (de educaci\u00f3n estatal y\ngesti\u00f3n privada).<\/p>\n\n\n\n<p>El Intendente Suescun inform\u00f3\nque \u201cest\u00e1 previsto esta semana comenzar a trabajar con todas las autoridades de\neducaci\u00f3n y salud el regreso programado de lo que es la presencialidad a las\nclases\u201d.<\/p>\n","protected":false},"excerpt":{"rendered":"<p>En las pr\u00f3ximas 48 horas habr\u00e1 definiciones sobre c\u00f3mo se har\u00e1 ya que&nbsp; el Intendente Maximiliano Suescun mantendr\u00e1 reuniones con autoridades educativas del Distrito, de la Regi\u00f3n Educativa y miembros del \u00e1rea sanitaria del Municipio. Este martes se entrevistar\u00e1 v\u00eda virtual con la Ministra de Educaci\u00f3n de la Provincia, Mar\u00eda Agustina Vila y el mi\u00e9rcoles [&hellip;]<\/p>\n","protected":false},"author":4,"featured_media":1446,"comment_status":"open","ping_status":"open","sticky":false,"template":"","format":"standard","meta":{"spay_email":"","jetpack_publicize_message":""},"categories":[17,11,13],"tags":[],"jetpack_featured_media_url":"https:\/\/vdl-dev.coodesoft.com.ar\/wp-content\/uploads\/2020\/10\/mesa-de-emergencia....jpeg","jetpack_publicize_connections":[],"jetpack_sharing_enabled":true,"jetpack_shortlink":"https:\/\/wp.me\/paQJuC-nj","_links":{"self":[{"href":"https:\/\/vdl-dev.coodesoft.com.ar\/index.php\/wp-json\/wp\/v2\/posts\/1445"}],"collection":[{"href":"https:\/\/vdl-dev.coodesoft.com.ar\/index.php\/wp-json\/wp\/v2\/posts"}],"about":[{"href":"https:\/\/vdl-dev.coodesoft.com.ar\/index.php\/wp-json\/wp\/v2\/types\/post"}],"author":[{"embeddable":true,"href":"https:\/\/vdl-dev.coodesoft.com.ar\/index.php\/wp-json\/wp\/v2\/users\/4"}],"replies":[{"embeddable":true,"href":"https:\/\/vdl-dev.coodesoft.com.ar\/index.php\/wp-json\/wp\/v2\/comments?post=1445"}],"version-history":[{"count":1,"href":"https:\/\/vdl-dev.coodesoft.com.ar\/index.php\/wp-json\/wp\/v2\/posts\/1445\/revisions"}],"predecessor-version":[{"id":1447,"href":"https:\/\/vdl-dev.coodesoft.com.ar\/index.php\/wp-json\/wp\/v2\/posts\/1445\/revisions\/1447"}],"wp:featuredmedia":[{"embeddable":true,"href":"https:\/\/vdl-dev.coodesoft.com.ar\/index.php\/wp-json\/wp\/v2\/media\/1446"}],"wp:attachment":[{"href":"https:\/\/vdl-dev.coodesoft.com.ar\/index.php\/wp-json\/wp\/v2\/media?parent=1445"}],"wp:term":[{"taxonomy":"category","embeddable":true,"href":"https:\/\/vdl-dev.coodesoft.com.ar\/index.php\/wp-json\/wp\/v2\/categories?post=1445"},{"taxonomy":"post_tag","embeddable":true,"href":"https:\/\/vdl-dev.coodesoft.com.ar\/index.php\/wp-json\/wp\/v2\/tags?post=1445"}],"curies":[{"name":"wp","href":"https:\/\/api.w.org\/{rel}","templated":true}]}}