{"id":1448,"date":"2020-10-14T17:29:42","date_gmt":"2020-10-14T20:29:42","guid":{"rendered":"http:\/\/vocesdellangueyu.com.ar\/?p=1448"},"modified":"2020-10-14T17:29:46","modified_gmt":"2020-10-14T20:29:46","slug":"se-avanzo-con-la-vuelta-presencial-a-las-clases-en-rauch-aunque-aun-sin-fecha-precisa","status":"publish","type":"post","link":"https:\/\/vdl-dev.coodesoft.com.ar\/index.php\/2020\/10\/14\/se-avanzo-con-la-vuelta-presencial-a-las-clases-en-rauch-aunque-aun-sin-fecha-precisa\/","title":{"rendered":"SE AVANZ\u00d3 CON LA VUELTA PRESENCIAL A LAS CLASES EN RAUCH, AUNQUE A\u00daN SIN FECHA PRECISA"},"content":{"rendered":"\n<figure class=\"wp-block-audio\"><audio controls src=\"https:\/\/vocesdellangueyu.com.ar\/wp-content\/uploads\/2020\/10\/14-10-Castets-primera-parte0.mp3\"><\/audio><figcaption>Daniela Castets, Titular Jefatura Distrital <\/figcaption><\/figure>\n\n\n\n<figure class=\"wp-block-audio\"><audio controls src=\"https:\/\/vocesdellangueyu.com.ar\/wp-content\/uploads\/2020\/10\/14-10-Castets-segunda-parte0.mp3\"><\/audio><figcaption>Daniel Castets, Titular de la Jefatura Distrital <\/figcaption><\/figure>\n\n\n\n<p>Tras sendas reuniones,\nalgunas virtuales, que se realizaron entre ayer y hoy, autoridades municipales\ny educativas evaluaron la posibilidad del regreso de las clases presenciales en\nlas escuelas del Distrito.<\/p>\n\n\n\n<p>Ayer el Intendente Municipal\nMaximiliano Suescun y la titular de la Jefatura Distrital Daniela Castets se\ncomunicaron con la titular de la Direcci\u00f3n General de Cultura y Educaci\u00f3n de la\nProvincia Agustina Vila y las Inspectoras de las \u00e1reas Estatal y de Gesti\u00f3n\nPrivada, entre otras autoridades, y esta ma\u00f1ana se realiz\u00f3 una reuni\u00f3n de la\nUEGD (Unidad Educativa de Gesti\u00f3n Distrital).<\/p>\n\n\n\n<p>El regreso ser\u00e1 gradual: en\nprincipio para estudiantes que no hayan tenido una activa vinculaci\u00f3n con la\nescuela en forma virtual de los \u00faltimos a\u00f1os de los ciclos primario y\nsecundario, y luego los de similares caracter\u00edsticas de los dem\u00e1s a\u00f1os.<\/p>\n\n\n\n<p>Esta ma\u00f1ana la titular de la\nJefatura Distrital Daniela Castets brind\u00f3 detalles sobre los pasos que se\ndieron en las \u00faltimas horas, \u201cse est\u00e1 trabajando intensamente para empezar este\nproceso, el plan jurisdireccional tiene distintas etapas y Rauch podr\u00e1 avanzar\nen el primero momento que tiene que ver con el acondicionamiento de los\nedificios escolares que va a llevar cierto tiempo, las clases presenciales ser\u00e1\nun proceso gradual y comenzar\u00e1n alumnos del \u00faltimo a\u00f1o de nivel primario y\nsecundario que hayan tenido baja intensidad en la vinculaci\u00f3n pedag\u00f3gica\u201d.<\/p>\n\n\n\n<p>\u201cNo ser\u00e1 un inicio masivo y\nprimero se deben dar las condiciones, debe haber seguridad en el regreso. Las\nclases presenciales ser\u00e1n una vez por semana, no puede haber m\u00e1s de 10 alumnos\npor aula, los bloques ser\u00e1n de 90 minutos y sin recreos, cada alumnos debe\npermanecer&nbsp; con el tapabocas bien\ncolocado\u201d.<\/p>\n\n\n\n<p>La funcionaria explic\u00f3 que no\nhay plazo establecido para implementar el regreso, y se dar\u00e1 cuando est\u00e9n\ncumplidas todas las medidas de seguridad necesarias.<\/p>\n\n\n\n<p>En una primera etapa se\ntrabajar\u00e1 desde el Consejo Escolar para poner en condiciones los diferentes\nestablecimientos educativos.<\/p>\n\n\n\n<p>Se deber\u00e1n tener en cuenta\ntodas las recomendaciones sanitarias preventivas para el coronavirus y con\ngrupos que no superen los diez alumnos por sal\u00f3n, en el caso que las\ndimensiones del aula lo permitan.<\/p>\n\n\n\n<p>Castets adem\u00e1s que cada\ndistrito y cada escuela deber\u00e1 definir el momento en que los edificios est\u00e9n en\ncondiciones para poder poner en pr\u00e1ctica la presencialidad<\/p>\n","protected":false},"excerpt":{"rendered":"<p>Tras sendas reuniones, algunas virtuales, que se realizaron entre ayer y hoy, autoridades municipales y educativas evaluaron la posibilidad del regreso de las clases presenciales en las escuelas del Distrito. Ayer el Intendente Municipal Maximiliano Suescun y la titular de la Jefatura Distrital Daniela Castets se comunicaron con la titular de la Direcci\u00f3n General de [&hellip;]<\/p>\n","protected":false},"author":4,"featured_media":1140,"comment_status":"open","ping_status":"open","sticky":false,"template":"","format":"standard","meta":{"spay_email":"","jetpack_publicize_message":""},"categories":[17,11,13],"tags":[],"jetpack_featured_media_url":"https:\/\/vdl-dev.coodesoft.com.ar\/wp-content\/uploads\/2020\/09\/castes.jpg","jetpack_publicize_connections":[],"jetpack_sharing_enabled":true,"jetpack_shortlink":"https:\/\/wp.me\/paQJuC-nm","_links":{"self":[{"href":"https:\/\/vdl-dev.coodesoft.com.ar\/index.php\/wp-json\/wp\/v2\/posts\/1448"}],"collection":[{"href":"https:\/\/vdl-dev.coodesoft.com.ar\/index.php\/wp-json\/wp\/v2\/posts"}],"about":[{"href":"https:\/\/vdl-dev.coodesoft.com.ar\/index.php\/wp-json\/wp\/v2\/types\/post"}],"author":[{"embeddable":true,"href":"https:\/\/vdl-dev.coodesoft.com.ar\/index.php\/wp-json\/wp\/v2\/users\/4"}],"replies":[{"embeddable":true,"href":"https:\/\/vdl-dev.coodesoft.com.ar\/index.php\/wp-json\/wp\/v2\/comments?post=1448"}],"version-history":[{"count":1,"href":"https:\/\/vdl-dev.coodesoft.com.ar\/index.php\/wp-json\/wp\/v2\/posts\/1448\/revisions"}],"predecessor-version":[{"id":1451,"href":"https:\/\/vdl-dev.coodesoft.com.ar\/index.php\/wp-json\/wp\/v2\/posts\/1448\/revisions\/1451"}],"wp:featuredmedia":[{"embeddable":true,"href":"https:\/\/vdl-dev.coodesoft.com.ar\/index.php\/wp-json\/wp\/v2\/media\/1140"}],"wp:attachment":[{"href":"https:\/\/vdl-dev.coodesoft.com.ar\/index.php\/wp-json\/wp\/v2\/media?parent=1448"}],"wp:term":[{"taxonomy":"category","embeddable":true,"href":"https:\/\/vdl-dev.coodesoft.com.ar\/index.php\/wp-json\/wp\/v2\/categories?post=1448"},{"taxonomy":"post_tag","embeddable":true,"href":"https:\/\/vdl-dev.coodesoft.com.ar\/index.php\/wp-json\/wp\/v2\/tags?post=1448"}],"curies":[{"name":"wp","href":"https:\/\/api.w.org\/{rel}","templated":true}]}}