{"id":1453,"date":"2020-10-14T17:44:41","date_gmt":"2020-10-14T20:44:41","guid":{"rendered":"http:\/\/vocesdellangueyu.com.ar\/?p=1453"},"modified":"2020-10-14T17:45:10","modified_gmt":"2020-10-14T20:45:10","slug":"covid-19-las-autoridades-con-atencion-puesta-en-quienes-provengan-de-ciudades-con-casos-y-en-las-fiestas-clandestinas","status":"publish","type":"post","link":"https:\/\/vdl-dev.coodesoft.com.ar\/index.php\/2020\/10\/14\/covid-19-las-autoridades-con-atencion-puesta-en-quienes-provengan-de-ciudades-con-casos-y-en-las-fiestas-clandestinas\/","title":{"rendered":"COVID- 19: LAS AUTORIDADES CON ATENCI\u00d3N PUESTA EN QUIENES PROVENGAN DE CIUDADES CON CASOS Y EN LAS \u201cFIESTAS CLANDESTINAS \u201c"},"content":{"rendered":"\n<p>El Intendente Municipal\nMaximiliano Suescun anunci\u00f3 ayer tras la reuni\u00f3n de la Mesa Ampliada de\nEmergencia Sanitaria, la decisi\u00f3n de restringir gran parte de las actividades econ\u00f3micas,\ndeportivas y culturales por espacio de 72 horas, hasta el viernes pr\u00f3ximo\ninclusive, por la aparici\u00f3n de casos positivos de coronavirus en nuestra\nciudad.<\/p>\n\n\n\n<p>Los anuncios se hicieron en\nel marco de una conferencia de prensa que se desarroll\u00f3 en el Sal\u00f3n Blanco del\nPalacio Municipal junto a autoridades sanitarias y miembros del Ejecutivo, y\ncon la presencia de concejales oficialistas y opositores.<\/p>\n\n\n\n<p>Suescun dijo que se han\ntendido que \u201ctomar medidas que son muy restrictivas\u201d que no implican retroceder\nen el sistema de fases y que se adoptan \u201cpara ganar tiempo\u201d para el Sistema de\nSalud.<\/p>\n\n\n\n<p>&nbsp;El jefe comunal dijo que \u201ctenemos que analizar\nuna serie de situaciones indeseadas\u201d que se han dado, y fue all\u00ed cuando hizo\nespecial hincapi\u00e9 en la \u201cresponsabilidad en los contactos y las acciones\u201d que\ndesarrollen quienes deban acudir a ciudades con circulaci\u00f3n del virus, y la\nrealizaci\u00f3n de fiestas clandestinas.<\/p>\n\n\n\n<p>\u201cPonernos en el lugar del\notro. Durante los pr\u00f3ximos d\u00edas van a haber varios rubros que van a estar\nafectados\u201d por las medidas<\/p>\n\n\n\n<p>\u201cEs absolutamente importante\nque quien viaja o tiene contacto con zonas de contagio comunitario\u2026 absoluta\nresponsabilidad respecto de los contactos y las acciones que tengan, la mejor\nmanera de cuidarnos es el distanciamiento, el lavado de manos, el tapabocas y\nno compartir el mate\u201d.<\/p>\n\n\n\n<p>Les pidi\u00f3 a las personas que\nsaben que tienen el riesgo (por las zonas en las que estuvieron y las tareas\nque realizan) \u201clos primeros que tienen que ejercer un alt\u00edsimo grado de\nresponsabilidad para cuidar al resto de la ciudadan\u00eda al regreso a la ciudad\u201d<\/p>\n\n\n\n<p>Suescun record\u00f3 que \u201cEst\u00e1n\nabsolutamente prohibidas estas fiestas clandestinas que suelen hacerse y que\njuntan much\u00edsima gente y que potencian la posibilidad de que el virus se\npropague \u2026 Si nosotros logramos determinar eso, vamos a ser en la medida que\nlegalmente el Estado pueda hacerlo, vamos a ser implacables\u201d no podemos\npermitir este tipo de permisos.<\/p>\n\n\n\n<figure class=\"wp-block-audio\"><audio controls src=\"https:\/\/vocesdellangueyu.com.ar\/wp-content\/uploads\/2020\/10\/14-10-Suescun-restricciones-noticiero0.mp3\"><\/audio><figcaption>Maximiliano Suescun, Intendente Municipal de Rauch<\/figcaption><\/figure>\n\n\n\n<figure class=\"wp-block-audio\"><audio controls src=\"https:\/\/vocesdellangueyu.com.ar\/wp-content\/uploads\/2020\/10\/14-10-Suescun-enojo-noticiero0.mp3\"><\/audio><figcaption>Maximiliano Suescun, Intendente Municipal de Rauch<\/figcaption><\/figure>\n","protected":false},"excerpt":{"rendered":"<p>El Intendente Municipal Maximiliano Suescun anunci\u00f3 ayer tras la reuni\u00f3n de la Mesa Ampliada de Emergencia Sanitaria, la decisi\u00f3n de restringir gran parte de las actividades econ\u00f3micas, deportivas y culturales por espacio de 72 horas, hasta el viernes pr\u00f3ximo inclusive, por la aparici\u00f3n de casos positivos de coronavirus en nuestra ciudad. Los anuncios se hicieron [&hellip;]<\/p>\n","protected":false},"author":4,"featured_media":1443,"comment_status":"open","ping_status":"open","sticky":false,"template":"","format":"standard","meta":{"spay_email":"","jetpack_publicize_message":""},"categories":[17,11,13],"tags":[],"jetpack_featured_media_url":"https:\/\/vdl-dev.coodesoft.com.ar\/wp-content\/uploads\/2020\/10\/achaga-confere-ncia.jpeg","jetpack_publicize_connections":[],"jetpack_sharing_enabled":true,"jetpack_shortlink":"https:\/\/wp.me\/paQJuC-nr","_links":{"self":[{"href":"https:\/\/vdl-dev.coodesoft.com.ar\/index.php\/wp-json\/wp\/v2\/posts\/1453"}],"collection":[{"href":"https:\/\/vdl-dev.coodesoft.com.ar\/index.php\/wp-json\/wp\/v2\/posts"}],"about":[{"href":"https:\/\/vdl-dev.coodesoft.com.ar\/index.php\/wp-json\/wp\/v2\/types\/post"}],"author":[{"embeddable":true,"href":"https:\/\/vdl-dev.coodesoft.com.ar\/index.php\/wp-json\/wp\/v2\/users\/4"}],"replies":[{"embeddable":true,"href":"https:\/\/vdl-dev.coodesoft.com.ar\/index.php\/wp-json\/wp\/v2\/comments?post=1453"}],"version-history":[{"count":2,"href":"https:\/\/vdl-dev.coodesoft.com.ar\/index.php\/wp-json\/wp\/v2\/posts\/1453\/revisions"}],"predecessor-version":[{"id":1457,"href":"https:\/\/vdl-dev.coodesoft.com.ar\/index.php\/wp-json\/wp\/v2\/posts\/1453\/revisions\/1457"}],"wp:featuredmedia":[{"embeddable":true,"href":"https:\/\/vdl-dev.coodesoft.com.ar\/index.php\/wp-json\/wp\/v2\/media\/1443"}],"wp:attachment":[{"href":"https:\/\/vdl-dev.coodesoft.com.ar\/index.php\/wp-json\/wp\/v2\/media?parent=1453"}],"wp:term":[{"taxonomy":"category","embeddable":true,"href":"https:\/\/vdl-dev.coodesoft.com.ar\/index.php\/wp-json\/wp\/v2\/categories?post=1453"},{"taxonomy":"post_tag","embeddable":true,"href":"https:\/\/vdl-dev.coodesoft.com.ar\/index.php\/wp-json\/wp\/v2\/tags?post=1453"}],"curies":[{"name":"wp","href":"https:\/\/api.w.org\/{rel}","templated":true}]}}