{"id":1459,"date":"2020-10-15T16:53:54","date_gmt":"2020-10-15T19:53:54","guid":{"rendered":"http:\/\/vocesdellangueyu.com.ar\/?p=1459"},"modified":"2020-10-15T16:53:58","modified_gmt":"2020-10-15T19:53:58","slug":"implementan-un-operativo-especial-para-recolectar-los-residuos-de-vecinos-con-coronavirus-y-quienes-esten-aislados-por-ser-sospechosos","status":"publish","type":"post","link":"https:\/\/vdl-dev.coodesoft.com.ar\/index.php\/2020\/10\/15\/implementan-un-operativo-especial-para-recolectar-los-residuos-de-vecinos-con-coronavirus-y-quienes-esten-aislados-por-ser-sospechosos\/","title":{"rendered":"IMPLEMENTAN UN OPERATIVO ESPECIAL PARA RECOLECTAR LOS RESIDUOS DE VECINOS CON CORONAVIRUS Y QUIENES EST\u00c9N AISLADOS POR SER \u201cSOSPECHOSOS\u201d"},"content":{"rendered":"\n<p>Se realizar\u00e1 un operativo\nespecial para recolectar los residuos de pacientes con coronavirus y quienes\nest\u00e9n en aislamiento por ser casos \u201csospechosos\u201d.<\/p>\n\n\n\n<p>La Direcci\u00f3n de Ambiente del\nMunicipio lo confirm\u00f3 esta ma\u00f1ana y consiste en que se junten en forma\ndomiciliaria, sin separaci\u00f3n, que se coloquen en dos bosas y que no se saquen a\nla v\u00eda p\u00fablica ya que operarios del \u00e1rea realizar\u00e1n un recorrido para su\nrecolecci\u00f3n.<\/p>\n\n\n\n<p>As\u00ed lo explic\u00f3 Diana\nBacigalupe, titular de la Direcci\u00f3n \u201clo ideal es que esos residuos no se\nmezclen con el resto de los residuos de toda la poblaci\u00f3n &nbsp;porque debemos cuidar a los recolectores y a\nlos operario de la URRA. Solicitamos a las personas que sospechan que puede\ntener covid no clasifiquen los residuos sino que vayan todos juntos a una\nbolsa, esa bolsa no la saquen y debe ir con doble bolsa hasta que vaya el\nservicio de recolecci\u00f3n puerta por puerta\u201d.<\/p>\n\n\n\n<p>Trabajan con el \u00e1rea de salud\npara elabora la lista de domicilio que deben pasar la recolecci\u00f3n puerta a\npuerta, el operativo comenzar\u00e1 a funcionar en el d\u00eda de la fecha pero a\u00fan no\nhay fecha para que pase el recolector especial, van a pasar una o dos veces por\nsemana.<\/p>\n","protected":false},"excerpt":{"rendered":"<p>Se realizar\u00e1 un operativo especial para recolectar los residuos de pacientes con coronavirus y quienes est\u00e9n en aislamiento por ser casos \u201csospechosos\u201d. La Direcci\u00f3n de Ambiente del Municipio lo confirm\u00f3 esta ma\u00f1ana y consiste en que se junten en forma domiciliaria, sin separaci\u00f3n, que se coloquen en dos bosas y que no se saquen a [&hellip;]<\/p>\n","protected":false},"author":4,"featured_media":1460,"comment_status":"open","ping_status":"open","sticky":false,"template":"","format":"standard","meta":{"spay_email":"","jetpack_publicize_message":""},"categories":[11,13],"tags":[],"jetpack_featured_media_url":"https:\/\/vdl-dev.coodesoft.com.ar\/wp-content\/uploads\/2020\/10\/urra-copvid.jpeg","jetpack_publicize_connections":[],"jetpack_sharing_enabled":true,"jetpack_shortlink":"https:\/\/wp.me\/paQJuC-nx","_links":{"self":[{"href":"https:\/\/vdl-dev.coodesoft.com.ar\/index.php\/wp-json\/wp\/v2\/posts\/1459"}],"collection":[{"href":"https:\/\/vdl-dev.coodesoft.com.ar\/index.php\/wp-json\/wp\/v2\/posts"}],"about":[{"href":"https:\/\/vdl-dev.coodesoft.com.ar\/index.php\/wp-json\/wp\/v2\/types\/post"}],"author":[{"embeddable":true,"href":"https:\/\/vdl-dev.coodesoft.com.ar\/index.php\/wp-json\/wp\/v2\/users\/4"}],"replies":[{"embeddable":true,"href":"https:\/\/vdl-dev.coodesoft.com.ar\/index.php\/wp-json\/wp\/v2\/comments?post=1459"}],"version-history":[{"count":1,"href":"https:\/\/vdl-dev.coodesoft.com.ar\/index.php\/wp-json\/wp\/v2\/posts\/1459\/revisions"}],"predecessor-version":[{"id":1461,"href":"https:\/\/vdl-dev.coodesoft.com.ar\/index.php\/wp-json\/wp\/v2\/posts\/1459\/revisions\/1461"}],"wp:featuredmedia":[{"embeddable":true,"href":"https:\/\/vdl-dev.coodesoft.com.ar\/index.php\/wp-json\/wp\/v2\/media\/1460"}],"wp:attachment":[{"href":"https:\/\/vdl-dev.coodesoft.com.ar\/index.php\/wp-json\/wp\/v2\/media?parent=1459"}],"wp:term":[{"taxonomy":"category","embeddable":true,"href":"https:\/\/vdl-dev.coodesoft.com.ar\/index.php\/wp-json\/wp\/v2\/categories?post=1459"},{"taxonomy":"post_tag","embeddable":true,"href":"https:\/\/vdl-dev.coodesoft.com.ar\/index.php\/wp-json\/wp\/v2\/tags?post=1459"}],"curies":[{"name":"wp","href":"https:\/\/api.w.org\/{rel}","templated":true}]}}