{"id":1462,"date":"2020-10-15T17:01:01","date_gmt":"2020-10-15T20:01:01","guid":{"rendered":"http:\/\/vocesdellangueyu.com.ar\/?p=1462"},"modified":"2020-10-15T17:01:05","modified_gmt":"2020-10-15T20:01:05","slug":"los-docentes-piden-evaluar-los-riesgos-epidemiologicos-y-no-apurar-el-regreso-a-las-clases-presenciales","status":"publish","type":"post","link":"https:\/\/vdl-dev.coodesoft.com.ar\/index.php\/2020\/10\/15\/los-docentes-piden-evaluar-los-riesgos-epidemiologicos-y-no-apurar-el-regreso-a-las-clases-presenciales\/","title":{"rendered":"LOS DOCENTES PIDEN EVALUAR LOS RIESGOS EPIDEMIOL\u00d3GICOS Y NO APURAR EL REGRESO A LAS CLASES PRESENCIALES"},"content":{"rendered":"\n<figure class=\"wp-block-audio\"><audio controls src=\"https:\/\/vocesdellangueyu.com.ar\/wp-content\/uploads\/2020\/10\/15-10-Cirullo-primera-parte0.mp3\"><\/audio><figcaption>Liliana Cirullo, SUTEBA Rauch<\/figcaption><\/figure>\n\n\n\n<figure class=\"wp-block-audio\"><audio controls src=\"https:\/\/vocesdellangueyu.com.ar\/wp-content\/uploads\/2020\/10\/15-10-Cirullo-segunda-parte0.mp3\"><\/audio><figcaption>Liliana Cirullo, SUTEBA Rauch<\/figcaption><\/figure>\n\n\n\n<p>Liliana Cirullo, Secretaria\nGeneral de SUTEBBA Rauch, explic\u00f3 cu\u00e1l es el posicionamiento de los\nrepresentantes de los docentes en cuanto a la posibilidad de volver a las\nclases presenciales en Rauch. <\/p>\n\n\n\n<p>A partir de la reuni\u00f3n de la\nUEGD que se realiz\u00f3 ayer, se convino que en el distrito se evaluar\u00e1 el regreso\nde los estudiantes, especialmente de los que cursen sus \u00faltimos a\u00f1os de los\nciclos primario y secundario y que no hayan tenido un v\u00ednculo adecuado con la\nescuela en la etapa de aprendizaje virtual, en forma progresiva sin fecha\nprecisa a\u00fan.<\/p>\n\n\n\n<p>Cirulo dijo que hay que\nevaluar el riesgo epidemiol\u00f3gico antes de determinar que se ponga en pr\u00e1ctica\nla vuelta a clases, \u201cse debe dar a conocer el plan jurisdiccional a toda la\nsociedad, estamos en un momento que hay que hablar claramente de lo que los\ndocentes decimos como escuelas seguras sin riesgos\u201d<\/p>\n\n\n\n<p>La dirigente docente dijo que\ntambi\u00e9n hay que poner en debate la perspectiva regional del sistema sanitario,\ny que se deber\u00e1n debatir los pasos escalonados que se deber\u00e1n dar con toda la\ncomunidad educativa <\/p>\n","protected":false},"excerpt":{"rendered":"<p>Liliana Cirullo, Secretaria General de SUTEBBA Rauch, explic\u00f3 cu\u00e1l es el posicionamiento de los representantes de los docentes en cuanto a la posibilidad de volver a las clases presenciales en Rauch. A partir de la reuni\u00f3n de la UEGD que se realiz\u00f3 ayer, se convino que en el distrito se evaluar\u00e1 el regreso de los [&hellip;]<\/p>\n","protected":false},"author":4,"featured_media":777,"comment_status":"open","ping_status":"open","sticky":false,"template":"","format":"standard","meta":{"spay_email":"","jetpack_publicize_message":""},"categories":[17,11,13],"tags":[],"jetpack_featured_media_url":"https:\/\/vdl-dev.coodesoft.com.ar\/wp-content\/uploads\/2020\/08\/cirullio.jpg","jetpack_publicize_connections":[],"jetpack_sharing_enabled":true,"jetpack_shortlink":"https:\/\/wp.me\/paQJuC-nA","_links":{"self":[{"href":"https:\/\/vdl-dev.coodesoft.com.ar\/index.php\/wp-json\/wp\/v2\/posts\/1462"}],"collection":[{"href":"https:\/\/vdl-dev.coodesoft.com.ar\/index.php\/wp-json\/wp\/v2\/posts"}],"about":[{"href":"https:\/\/vdl-dev.coodesoft.com.ar\/index.php\/wp-json\/wp\/v2\/types\/post"}],"author":[{"embeddable":true,"href":"https:\/\/vdl-dev.coodesoft.com.ar\/index.php\/wp-json\/wp\/v2\/users\/4"}],"replies":[{"embeddable":true,"href":"https:\/\/vdl-dev.coodesoft.com.ar\/index.php\/wp-json\/wp\/v2\/comments?post=1462"}],"version-history":[{"count":1,"href":"https:\/\/vdl-dev.coodesoft.com.ar\/index.php\/wp-json\/wp\/v2\/posts\/1462\/revisions"}],"predecessor-version":[{"id":1465,"href":"https:\/\/vdl-dev.coodesoft.com.ar\/index.php\/wp-json\/wp\/v2\/posts\/1462\/revisions\/1465"}],"wp:featuredmedia":[{"embeddable":true,"href":"https:\/\/vdl-dev.coodesoft.com.ar\/index.php\/wp-json\/wp\/v2\/media\/777"}],"wp:attachment":[{"href":"https:\/\/vdl-dev.coodesoft.com.ar\/index.php\/wp-json\/wp\/v2\/media?parent=1462"}],"wp:term":[{"taxonomy":"category","embeddable":true,"href":"https:\/\/vdl-dev.coodesoft.com.ar\/index.php\/wp-json\/wp\/v2\/categories?post=1462"},{"taxonomy":"post_tag","embeddable":true,"href":"https:\/\/vdl-dev.coodesoft.com.ar\/index.php\/wp-json\/wp\/v2\/tags?post=1462"}],"curies":[{"name":"wp","href":"https:\/\/api.w.org\/{rel}","templated":true}]}}