{"id":1467,"date":"2020-10-15T17:25:23","date_gmt":"2020-10-15T20:25:23","guid":{"rendered":"http:\/\/vocesdellangueyu.com.ar\/?p=1467"},"modified":"2020-10-15T17:25:27","modified_gmt":"2020-10-15T20:25:27","slug":"el-concejo-deliberante-suspendio-las-reuniones-de-esta-semana","status":"publish","type":"post","link":"https:\/\/vdl-dev.coodesoft.com.ar\/index.php\/2020\/10\/15\/el-concejo-deliberante-suspendio-las-reuniones-de-esta-semana\/","title":{"rendered":"EL CONCEJO DELIBERANTE SUSPENDI\u00d3 LAS REUNIONES DE ESTA SEMANA"},"content":{"rendered":"\n<p>El concejo deliberante\nsuspendi\u00f3 las reuniones previstas para hoy de las diferentes comisiones, y\nposterg\u00f3 la realizaci\u00f3n de la sesi\u00f3n del martes 20 para el 27 de este mes en el\nmarco de las restricciones que el Gobierno local dispuso por 72 horas hasta\nma\u00f1ana, por la aparici\u00f3n de los primeros casos de coronavirus.<\/p>\n\n\n\n<p>El deliberativo tiene varios\ntemas en agenda, como el controvertido tema de la regularizaci\u00f3n dominial en\nVilla Burgos y el pedido que hizo el gobierno para que se pueda sancionar a\nquienes no usen el tapabocas entre otros.<\/p>\n\n\n\n<p>Esta ma\u00f1ana, la Presidenta\ndel bloque de concejales de Cambiemos Lucrecia Herrer\u00eda explic\u00f3 los detalles de\nla decisi\u00f3n de suspender moment\u00e1neamente las actividades, \u201cpara no contradecir\nlo dispuesto por la mesa de emergencia\u201d.<\/p>\n\n\n\n<p>Adem\u00e1s subray\u00f3 que not\u00f3 que\nlas autoridades municipales y de salud especialmente, han reaccionado con\ntranquilidad ante la aparici\u00f3n de los primeros casos de coronavirus en Rauch, \u201clos\nnot\u00e9 muy tranquilos, trabajando&nbsp;\nmuch\u00edsimo, el plan es tener&nbsp; 72\nhoras para que esta situaci\u00f3n se pueda calmar y ver como se fueron dando los\nnexos, la ciudad lo ha tomado muy bien&nbsp; y\ncreo que ha entendido que las medidas se tomaron son para cuidarnos\u201d.<\/p>\n\n\n\n<p>Ma\u00f1ana se vuelve a reunir la\nmesa de emergencia ampliada a las 10 hs y se decidir\u00e1 lo que va a suceder en\nlas pr\u00f3ximas &nbsp;horas \u201ccada uno llevar\u00e1 su\npunto de vista y la informaci\u00f3n que tiene para poder tomar decisiones\u201d.<\/p>\n\n\n\n<p>Herrer\u00eda sostuvo que \u201cnos hemos cuidado bien como sociedad, aunque se relajaron un poco en algunas cuestiones. Se est\u00e1 trabajando muy bien\u201d.<\/p>\n\n\n\n<figure class=\"wp-block-audio\"><audio controls src=\"blob:https:\/\/vocesdellangueyu.com.ar\/c327c105-a23c-49d0-934d-fbc8f80aab26\"><\/audio><figcaption>Lucrecia Herrer\u00eda, Concejal bloque Cambiemos<\/figcaption><\/figure>\n","protected":false},"excerpt":{"rendered":"<p>El concejo deliberante suspendi\u00f3 las reuniones previstas para hoy de las diferentes comisiones, y posterg\u00f3 la realizaci\u00f3n de la sesi\u00f3n del martes 20 para el 27 de este mes en el marco de las restricciones que el Gobierno local dispuso por 72 horas hasta ma\u00f1ana, por la aparici\u00f3n de los primeros casos de coronavirus. El [&hellip;]<\/p>\n","protected":false},"author":4,"featured_media":1291,"comment_status":"open","ping_status":"open","sticky":false,"template":"","format":"standard","meta":{"spay_email":"","jetpack_publicize_message":""},"categories":[17,11],"tags":[],"jetpack_featured_media_url":"https:\/\/vdl-dev.coodesoft.com.ar\/wp-content\/uploads\/2020\/09\/herreria-L.jpeg","jetpack_publicize_connections":[],"jetpack_sharing_enabled":true,"jetpack_shortlink":"https:\/\/wp.me\/paQJuC-nF","_links":{"self":[{"href":"https:\/\/vdl-dev.coodesoft.com.ar\/index.php\/wp-json\/wp\/v2\/posts\/1467"}],"collection":[{"href":"https:\/\/vdl-dev.coodesoft.com.ar\/index.php\/wp-json\/wp\/v2\/posts"}],"about":[{"href":"https:\/\/vdl-dev.coodesoft.com.ar\/index.php\/wp-json\/wp\/v2\/types\/post"}],"author":[{"embeddable":true,"href":"https:\/\/vdl-dev.coodesoft.com.ar\/index.php\/wp-json\/wp\/v2\/users\/4"}],"replies":[{"embeddable":true,"href":"https:\/\/vdl-dev.coodesoft.com.ar\/index.php\/wp-json\/wp\/v2\/comments?post=1467"}],"version-history":[{"count":1,"href":"https:\/\/vdl-dev.coodesoft.com.ar\/index.php\/wp-json\/wp\/v2\/posts\/1467\/revisions"}],"predecessor-version":[{"id":1468,"href":"https:\/\/vdl-dev.coodesoft.com.ar\/index.php\/wp-json\/wp\/v2\/posts\/1467\/revisions\/1468"}],"wp:featuredmedia":[{"embeddable":true,"href":"https:\/\/vdl-dev.coodesoft.com.ar\/index.php\/wp-json\/wp\/v2\/media\/1291"}],"wp:attachment":[{"href":"https:\/\/vdl-dev.coodesoft.com.ar\/index.php\/wp-json\/wp\/v2\/media?parent=1467"}],"wp:term":[{"taxonomy":"category","embeddable":true,"href":"https:\/\/vdl-dev.coodesoft.com.ar\/index.php\/wp-json\/wp\/v2\/categories?post=1467"},{"taxonomy":"post_tag","embeddable":true,"href":"https:\/\/vdl-dev.coodesoft.com.ar\/index.php\/wp-json\/wp\/v2\/tags?post=1467"}],"curies":[{"name":"wp","href":"https:\/\/api.w.org\/{rel}","templated":true}]}}