{"id":1478,"date":"2020-10-16T16:38:42","date_gmt":"2020-10-16T19:38:42","guid":{"rendered":"http:\/\/vocesdellangueyu.com.ar\/?p=1478"},"modified":"2020-10-16T16:38:46","modified_gmt":"2020-10-16T19:38:46","slug":"se-elevo-al-concejo-deliberante-el-proyecto-de-ordenanza-que-establece-sanciones-economicas-a-quienes-no-usen-el-cubre-bocas-y-realicen-reuniones-sociales-de-mas-de-10-personas","status":"publish","type":"post","link":"https:\/\/vdl-dev.coodesoft.com.ar\/index.php\/2020\/10\/16\/se-elevo-al-concejo-deliberante-el-proyecto-de-ordenanza-que-establece-sanciones-economicas-a-quienes-no-usen-el-cubre-bocas-y-realicen-reuniones-sociales-de-mas-de-10-personas\/","title":{"rendered":"SE ELEV\u00d3 AL CONCEJO DELIBERANTE EL PROYECTO DE ORDENANZA QUE ESTABLECE SANCIONES ECON\u00d3MICAS A QUIENES NO USEN EL CUBRE BOCAS Y REALICEN REUNIONES SOCIALES DE M\u00c1S DE 10 PERSONAS"},"content":{"rendered":"\n<p>El Secretario de\nPlanificaci\u00f3n del Municipio Mario Ibargoyen tambi\u00e9n explic\u00f3 los detalles\nprincipales del proyecto de Ordenanza que elev\u00f3 el Ejecutivo al Concejo\nDeliberante esta semana, que establece sanciones econ\u00f3micas a quienes no usen\nlos cubre bocas y quienes organicen reuniones sociales que no cumplan con los\nrequisitos de las que est\u00e1n permitidas.<\/p>\n\n\n\n<p>\u201cSe elev\u00f3 un proyecto de\nordenanza que va a ir al Concejo Deliberante que se podr\u00e1 modificar, aprobarlo\no no, es una herramienta m\u00e1s que ven\u00edamos planteado para tres cosas:\nb\u00e1sicamente se apunta al usa permanente y correcto del cubre bocas, enfocar en\nlo que es la participaci\u00f3n de reuniones sociales con m\u00e1s de 10 personas, y que\nse respeten los controles de bromatolog\u00eda y los controles de acceso a la\nciudad, est\u00e1 todo dado para que las cosas se hagan bien, no hay motivos para no\ncumplir con estas cuestiones\u201d.<\/p>\n\n\n\n<p>Las multas se establecen de\nacuerdo al C\u00f3digo de Faltas, y que se basa en relaci\u00f3n a la evoluci\u00f3n del\nsalario de los trabajadores municipales, y podr\u00edan rondar \u2013si se aprueba tal\ncual est\u00e1- entre los $2.040 y los $204.000, de acuerdo a la gravedad de la\nfalta.<\/p>\n\n\n\n<p>\u201cLo que aspiramos es poner\npor encima todas las cosas la salud de la poblaci\u00f3n y buscar mecanismo&nbsp; de justicia para quienes hacen las cosas bien,\nno se busca perjudicar a nadie\u201d.<\/p>\n\n\n\n<figure class=\"wp-block-audio\"><audio controls src=\"blob:https:\/\/vocesdellangueyu.com.ar\/76e6aca8-898d-4744-9753-2d397dfdfcde\"><\/audio><figcaption>Mario Ibargoyen, Secretario de Planificaci\u00f3n del Municipio<\/figcaption><\/figure>\n","protected":false},"excerpt":{"rendered":"<p>El Secretario de Planificaci\u00f3n del Municipio Mario Ibargoyen tambi\u00e9n explic\u00f3 los detalles principales del proyecto de Ordenanza que elev\u00f3 el Ejecutivo al Concejo Deliberante esta semana, que establece sanciones econ\u00f3micas a quienes no usen los cubre bocas y quienes organicen reuniones sociales que no cumplan con los requisitos de las que est\u00e1n permitidas. \u201cSe elev\u00f3 [&hellip;]<\/p>\n","protected":false},"author":4,"featured_media":458,"comment_status":"open","ping_status":"open","sticky":false,"template":"","format":"standard","meta":{"spay_email":"","jetpack_publicize_message":""},"categories":[17,11,13],"tags":[],"jetpack_featured_media_url":"https:\/\/vdl-dev.coodesoft.com.ar\/wp-content\/uploads\/2020\/06\/ibargoyen.jpg","jetpack_publicize_connections":[],"jetpack_sharing_enabled":true,"jetpack_shortlink":"https:\/\/wp.me\/paQJuC-nQ","_links":{"self":[{"href":"https:\/\/vdl-dev.coodesoft.com.ar\/index.php\/wp-json\/wp\/v2\/posts\/1478"}],"collection":[{"href":"https:\/\/vdl-dev.coodesoft.com.ar\/index.php\/wp-json\/wp\/v2\/posts"}],"about":[{"href":"https:\/\/vdl-dev.coodesoft.com.ar\/index.php\/wp-json\/wp\/v2\/types\/post"}],"author":[{"embeddable":true,"href":"https:\/\/vdl-dev.coodesoft.com.ar\/index.php\/wp-json\/wp\/v2\/users\/4"}],"replies":[{"embeddable":true,"href":"https:\/\/vdl-dev.coodesoft.com.ar\/index.php\/wp-json\/wp\/v2\/comments?post=1478"}],"version-history":[{"count":1,"href":"https:\/\/vdl-dev.coodesoft.com.ar\/index.php\/wp-json\/wp\/v2\/posts\/1478\/revisions"}],"predecessor-version":[{"id":1479,"href":"https:\/\/vdl-dev.coodesoft.com.ar\/index.php\/wp-json\/wp\/v2\/posts\/1478\/revisions\/1479"}],"wp:featuredmedia":[{"embeddable":true,"href":"https:\/\/vdl-dev.coodesoft.com.ar\/index.php\/wp-json\/wp\/v2\/media\/458"}],"wp:attachment":[{"href":"https:\/\/vdl-dev.coodesoft.com.ar\/index.php\/wp-json\/wp\/v2\/media?parent=1478"}],"wp:term":[{"taxonomy":"category","embeddable":true,"href":"https:\/\/vdl-dev.coodesoft.com.ar\/index.php\/wp-json\/wp\/v2\/categories?post=1478"},{"taxonomy":"post_tag","embeddable":true,"href":"https:\/\/vdl-dev.coodesoft.com.ar\/index.php\/wp-json\/wp\/v2\/tags?post=1478"}],"curies":[{"name":"wp","href":"https:\/\/api.w.org\/{rel}","templated":true}]}}