{"id":1480,"date":"2020-10-16T16:45:02","date_gmt":"2020-10-16T19:45:02","guid":{"rendered":"http:\/\/vocesdellangueyu.com.ar\/?p=1480"},"modified":"2020-10-16T16:45:06","modified_gmt":"2020-10-16T19:45:06","slug":"nueva-reunion-de-la-mesa-ampliada-de-emergencia-sanitaria","status":"publish","type":"post","link":"https:\/\/vdl-dev.coodesoft.com.ar\/index.php\/2020\/10\/16\/nueva-reunion-de-la-mesa-ampliada-de-emergencia-sanitaria\/","title":{"rendered":"NUEVA REUNI\u00d3N DE LA MESA AMPLIADA DE EMERGENCIA SANITARIA"},"content":{"rendered":"\n<figure class=\"wp-block-audio\"><audio controls src=\"https:\/\/vocesdellangueyu.com.ar\/wp-content\/uploads\/2020\/10\/16-10-Gireco-primera-parte0.mp3\"><\/audio><figcaption>Diego Grieco, Concejal  del Bloque Frente de Todos<\/figcaption><\/figure>\n\n\n\n<p><\/p>\n\n\n\n<p>Diego Grieco, Concejal del\nFrente de Todos evalu\u00f3 la situaci\u00f3n sanitaria del distrito antes de la reuni\u00f3n\nde la mesa ampliada de emergencia sanitaria local, \u201cel sistema de salud\nmunicipal es quien va marcando el camino de las medidas que hay que tomar, es\nquien debe trabajar fuerte para evitar la propagaci\u00f3n de la pandemia\u201d.<\/p>\n\n\n\n<p>La \u00faltima reuni\u00f3n de la mesa\nampliada \u201cfue amplia, con consenso, democr\u00e1tica, hubo propuesta y sugerencias\nque fueron tomadas \u2026 Nos pareci\u00f3 prudente de darle estos tres d\u00edas al sistema\nde salud para que se reorganice y pueda evaluar las medidas a futuro\u201d.<\/p>\n\n\n\n<p>Sobre el proyecto para\nsancionar el no uso del tapabocas y la organizaci\u00f3n de reuniones sociales no\npermitidas el Concejal dijo que \u201cesta charlado y nos parece importante pensar\nen algunas cuestiones para que la&nbsp;\nciudadan\u00eda tomen conciencia sobre estas medidas que son preventivas, hay\nque ver y analizar las&nbsp; cuestiones\nlegales\u201d.<\/p>\n\n\n\n<p>Hoy a la tarde se realizar\u00e1\nuna reuni\u00f3n virtual con proveedores de servicios en eventos sociales con dos\nlegisladores provinciales del frente de todos y dos funcionarios del gobierno\nde la provincia, tambi\u00e9n participar\u00e1n representantes del sector comercial.<\/p>\n","protected":false},"excerpt":{"rendered":"<p>Diego Grieco, Concejal del Frente de Todos evalu\u00f3 la situaci\u00f3n sanitaria del distrito antes de la reuni\u00f3n de la mesa ampliada de emergencia sanitaria local, \u201cel sistema de salud municipal es quien va marcando el camino de las medidas que hay que tomar, es quien debe trabajar fuerte para evitar la propagaci\u00f3n de la pandemia\u201d. [&hellip;]<\/p>\n","protected":false},"author":4,"featured_media":906,"comment_status":"open","ping_status":"open","sticky":false,"template":"","format":"standard","meta":{"spay_email":"","jetpack_publicize_message":""},"categories":[17,11,13],"tags":[],"jetpack_featured_media_url":"https:\/\/vdl-dev.coodesoft.com.ar\/wp-content\/uploads\/2020\/08\/diego.jpg","jetpack_publicize_connections":[],"jetpack_sharing_enabled":true,"jetpack_shortlink":"https:\/\/wp.me\/paQJuC-nS","_links":{"self":[{"href":"https:\/\/vdl-dev.coodesoft.com.ar\/index.php\/wp-json\/wp\/v2\/posts\/1480"}],"collection":[{"href":"https:\/\/vdl-dev.coodesoft.com.ar\/index.php\/wp-json\/wp\/v2\/posts"}],"about":[{"href":"https:\/\/vdl-dev.coodesoft.com.ar\/index.php\/wp-json\/wp\/v2\/types\/post"}],"author":[{"embeddable":true,"href":"https:\/\/vdl-dev.coodesoft.com.ar\/index.php\/wp-json\/wp\/v2\/users\/4"}],"replies":[{"embeddable":true,"href":"https:\/\/vdl-dev.coodesoft.com.ar\/index.php\/wp-json\/wp\/v2\/comments?post=1480"}],"version-history":[{"count":1,"href":"https:\/\/vdl-dev.coodesoft.com.ar\/index.php\/wp-json\/wp\/v2\/posts\/1480\/revisions"}],"predecessor-version":[{"id":1482,"href":"https:\/\/vdl-dev.coodesoft.com.ar\/index.php\/wp-json\/wp\/v2\/posts\/1480\/revisions\/1482"}],"wp:featuredmedia":[{"embeddable":true,"href":"https:\/\/vdl-dev.coodesoft.com.ar\/index.php\/wp-json\/wp\/v2\/media\/906"}],"wp:attachment":[{"href":"https:\/\/vdl-dev.coodesoft.com.ar\/index.php\/wp-json\/wp\/v2\/media?parent=1480"}],"wp:term":[{"taxonomy":"category","embeddable":true,"href":"https:\/\/vdl-dev.coodesoft.com.ar\/index.php\/wp-json\/wp\/v2\/categories?post=1480"},{"taxonomy":"post_tag","embeddable":true,"href":"https:\/\/vdl-dev.coodesoft.com.ar\/index.php\/wp-json\/wp\/v2\/tags?post=1480"}],"curies":[{"name":"wp","href":"https:\/\/api.w.org\/{rel}","templated":true}]}}