{"id":1483,"date":"2020-10-16T17:00:32","date_gmt":"2020-10-16T20:00:32","guid":{"rendered":"http:\/\/vocesdellangueyu.com.ar\/?p=1483"},"modified":"2020-10-16T17:00:36","modified_gmt":"2020-10-16T20:00:36","slug":"regreso-seguro-a-las-clases-presenciales-la-fecha-tentativa-es-el-26-de-octubre","status":"publish","type":"post","link":"https:\/\/vdl-dev.coodesoft.com.ar\/index.php\/2020\/10\/16\/regreso-seguro-a-las-clases-presenciales-la-fecha-tentativa-es-el-26-de-octubre\/","title":{"rendered":"REGRESO SEGURO A LAS CLASES PRESENCIALES: LA FECHA \u201cTENTATIVA\u201d ES EL 26 DE OCTUBRE"},"content":{"rendered":"\n<figure class=\"wp-block-audio\"><audio controls src=\"blob:https:\/\/vocesdellangueyu.com.ar\/5b1b2fca-f15c-4995-ad7c-6db7af0c7219\"><\/audio><figcaption>Lorena Silva, Jefa Regional, Regi\u00f3n 17<\/figcaption><\/figure>\n\n\n\n<p>Lorena Silva, Jefa Regional\nde la Regi\u00f3n 17 del \u00e1mbito educativo que tiene bajo su \u00f3rbita las pol\u00edticas\neducativas de varios distritos de la zona entre ellos Rauch, se refiri\u00f3 a la\nvuelta progresiva a las clases presenciales en nuestra ciudad.<\/p>\n\n\n\n<p>El calendario de fechas\ntentativas establecido por la Direcci\u00f3n General de Cultura y Educaci\u00f3n de la\nProvincia, establece que la presencialidad podr\u00eda comenzar el lunes 26 de\noctubre.<\/p>\n\n\n\n<p>La funcionaria dijo que no\nser\u00e1 una obligaci\u00f3n sumarse a las clases presenciales, y que esa posibilidad se\ndar\u00e1 cuando se garantice la seguridad en todas las escuelas.<\/p>\n\n\n\n<p>\u201cSon cuatro distritos de la\nregi\u00f3n 17 que estar\u00edan regresando a las clases presenciales Rauch, &nbsp;Chascom\u00fan, Lezama y San Miguel del Monte. La\nProvincia present\u00f3 un plan jurisdiccional para el regreso seguro a clases\npresenciales, se prev\u00e9 un retorno seguro para algunos grupos de alumnos, se\npriorizan los alumnos de primaria y secundaria que han tenido una vinculaci\u00f3n\nd\u00e9bil con la escuela\u201d.<\/p>\n\n\n\n<p>&nbsp;Los chicos y las chicas de 6\u00ba a\u00f1o de primaria\ny secundaria cursar\u00e1n tres veces por semana y el resto de los chicos una vez\npor semana.<\/p>\n\n\n\n<p>El plan pone \u201cfechas\ntentativas\u201d para que se vaya avanzando en la preparaci\u00f3n de las escuelas, las\nsemana que se propone para comenzar es la del 26 de octubre, \u201csi no hubo tiempo\nde no hacer las capacitaciones que hay que hacer, para armar el plan\ninstitucional y pedag\u00f3gico esto se puede extender, no es una carrera de que\nescuela empieza primero. No se va a forzar a nadie\u201d.<\/p>\n\n\n\n<p>Esta semana son etapas\npreparatorias de reuniones y capacitaciones y la semana del 19 de octubre ser\u00eda\ncuando los equipos docentes regresan a las escuelas para reacondicionar el\nedificio.<\/p>\n","protected":false},"excerpt":{"rendered":"<p>Lorena Silva, Jefa Regional de la Regi\u00f3n 17 del \u00e1mbito educativo que tiene bajo su \u00f3rbita las pol\u00edticas educativas de varios distritos de la zona entre ellos Rauch, se refiri\u00f3 a la vuelta progresiva a las clases presenciales en nuestra ciudad. El calendario de fechas tentativas establecido por la Direcci\u00f3n General de Cultura y Educaci\u00f3n [&hellip;]<\/p>\n","protected":false},"author":4,"featured_media":1484,"comment_status":"open","ping_status":"open","sticky":false,"template":"","format":"standard","meta":{"spay_email":"","jetpack_publicize_message":""},"categories":[17,11,13],"tags":[],"jetpack_featured_media_url":"https:\/\/vdl-dev.coodesoft.com.ar\/wp-content\/uploads\/2020\/10\/lorena-silva.jpeg","jetpack_publicize_connections":[],"jetpack_sharing_enabled":true,"jetpack_shortlink":"https:\/\/wp.me\/paQJuC-nV","_links":{"self":[{"href":"https:\/\/vdl-dev.coodesoft.com.ar\/index.php\/wp-json\/wp\/v2\/posts\/1483"}],"collection":[{"href":"https:\/\/vdl-dev.coodesoft.com.ar\/index.php\/wp-json\/wp\/v2\/posts"}],"about":[{"href":"https:\/\/vdl-dev.coodesoft.com.ar\/index.php\/wp-json\/wp\/v2\/types\/post"}],"author":[{"embeddable":true,"href":"https:\/\/vdl-dev.coodesoft.com.ar\/index.php\/wp-json\/wp\/v2\/users\/4"}],"replies":[{"embeddable":true,"href":"https:\/\/vdl-dev.coodesoft.com.ar\/index.php\/wp-json\/wp\/v2\/comments?post=1483"}],"version-history":[{"count":1,"href":"https:\/\/vdl-dev.coodesoft.com.ar\/index.php\/wp-json\/wp\/v2\/posts\/1483\/revisions"}],"predecessor-version":[{"id":1485,"href":"https:\/\/vdl-dev.coodesoft.com.ar\/index.php\/wp-json\/wp\/v2\/posts\/1483\/revisions\/1485"}],"wp:featuredmedia":[{"embeddable":true,"href":"https:\/\/vdl-dev.coodesoft.com.ar\/index.php\/wp-json\/wp\/v2\/media\/1484"}],"wp:attachment":[{"href":"https:\/\/vdl-dev.coodesoft.com.ar\/index.php\/wp-json\/wp\/v2\/media?parent=1483"}],"wp:term":[{"taxonomy":"category","embeddable":true,"href":"https:\/\/vdl-dev.coodesoft.com.ar\/index.php\/wp-json\/wp\/v2\/categories?post=1483"},{"taxonomy":"post_tag","embeddable":true,"href":"https:\/\/vdl-dev.coodesoft.com.ar\/index.php\/wp-json\/wp\/v2\/tags?post=1483"}],"curies":[{"name":"wp","href":"https:\/\/api.w.org\/{rel}","templated":true}]}}